{"id":948,"date":"2022-08-30T22:46:29","date_gmt":"2022-08-30T20:46:29","guid":{"rendered":"https:\/\/przegorzaly.pl\/?p=948"},"modified":"2022-11-03T23:13:18","modified_gmt":"2022-11-03T22:13:18","slug":"zmiana-proboszcza","status":"publish","type":"post","link":"https:\/\/przegorzaly.pl\/?p=948","title":{"rendered":"Zmiana proboszcza"},"content":{"rendered":"<p>W niedziel\u0119 28 sierpnia 2022 na Mszy \u015bwi\u0119tej o godzinie 11.00<br \/>\ndokona\u0142a si\u0119 zmiana proboszcza w naszej parafii.<\/p>\n<p>Nowym proboszczem zosta\u0142 <strong>O. Dariusz Da\u0144kowski<\/strong>.<\/p>\n<p><img loading=\"lazy\" decoding=\"async\" class=\"alignnone size-medium wp-image-751\" src=\"https:\/\/przegorzaly.pl\/files\/2022\/09\/P1020803-202x300.jpg\" alt=\"\" width=\"202\" height=\"300\"><\/p>\n<p>Dotychczasowy proboszcz O. Stanis\u0142aw Data, po zako\u0144czeniu sze\u015bcioletniej kadencji, powr\u00f3ci\u0142 do Wroc\u0142awia.<\/p>\n<p><img loading=\"lazy\" decoding=\"async\" class=\"size-full wp-image-581 alignnone\" src=\"https:\/\/przegorzaly.pl\/files\/2022\/08\/st-d.png\" alt=\"\" width=\"202\" height=\"267\"><\/p>\n","protected":false},"excerpt":{"rendered":"<p>W niedziel\u0119 28 sierpnia 2022 na Mszy \u015bwi\u0119tej o godzinie 11.00 dokona\u0142a si\u0119 zmiana proboszcza w naszej parafii. Nowym proboszczem zosta\u0142 O. Dariusz Da\u0144kowski. Dotychczasowy proboszcz O. Stanis\u0142aw Data, po zako\u0144czeniu sze\u015bcioletniej kadencji, powr\u00f3ci\u0142 do Wroc\u0142awia.<\/p>\n","protected":false},"author":207,"featured_media":0,"comment_status":"closed","ping_status":"closed","sticky":false,"template":"","format":"standard","meta":{"_et_pb_use_builder":"","_et_pb_old_content":"","_et_gb_content_width":"","ngg_post_thumbnail":0,"footnotes":""},"categories":[14],"tags":[],"class_list":["post-948","post","type-post","status-publish","format-standard","hentry","category-z-zycia-parafii"],"_links":{"self":[{"href":"https:\/\/przegorzaly.pl\/index.php?rest_route=\/wp\/v2\/posts\/948","targetHints":{"allow":["GET"]}}],"collection":[{"href":"https:\/\/przegorzaly.pl\/index.php?rest_route=\/wp\/v2\/posts"}],"about":[{"href":"https:\/\/przegorzaly.pl\/index.php?rest_route=\/wp\/v2\/types\/post"}],"author":[{"embeddable":true,"href":"https:\/\/przegorzaly.pl\/index.php?rest_route=\/wp\/v2\/users\/207"}],"replies":[{"embeddable":true,"href":"https:\/\/przegorzaly.pl\/index.php?rest_route=%2Fwp%2Fv2%2Fcomments&post=948"}],"version-history":[{"count":2,"href":"https:\/\/przegorzaly.pl\/index.php?rest_route=\/wp\/v2\/posts\/948\/revisions"}],"predecessor-version":[{"id":964,"href":"https:\/\/przegorzaly.pl\/index.php?rest_route=\/wp\/v2\/posts\/948\/revisions\/964"}],"wp:attachment":[{"href":"https:\/\/przegorzaly.pl\/index.php?rest_route=%2Fwp%2Fv2%2Fmedia&parent=948"}],"wp:term":[{"taxonomy":"category","embeddable":true,"href":"https:\/\/przegorzaly.pl\/index.php?rest_route=%2Fwp%2Fv2%2Fcategories&post=948"},{"taxonomy":"post_tag","embeddable":true,"href":"https:\/\/przegorzaly.pl\/index.php?rest_route=%2Fwp%2Fv2%2Ftags&post=948"}],"curies":[{"name":"wp","href":"https:\/\/api.w.org\/{rel}","templated":true}]}}