{"id":800,"date":"2022-09-11T19:34:58","date_gmt":"2022-09-11T18:34:58","guid":{"rendered":"https:\/\/przegorzaly.pl\/?p=800"},"modified":"2022-09-11T19:34:58","modified_gmt":"2022-09-11T18:34:58","slug":"22-niedziela-zwykla-28-sierpnia-2022r","status":"publish","type":"post","link":"https:\/\/przegorzaly.pl\/?p=800","title":{"rendered":"22 Niedziela zwyk\u0142a &#8211; 28 sierpnia 2022r."},"content":{"rendered":"<p><strong>PARAFIA &nbsp;CHRYSTUSA &nbsp;KR\u00d3LA<\/strong><\/p>\n<p><strong>OG\u0141OSZENIA &nbsp;DUSZPASTERSKIE &nbsp;\u2013 &nbsp;NA &nbsp;XXII &nbsp;NIEDZIEL\u0118 ZWYK\u0141\u0104 (28 sierpnia, 2022)<\/strong><\/p>\n<p>1.W dniu dzisiejszym w naszej parafii ma miejsce zmiana proboszcza. Dzi\u0119kujemy za dotychczasow\u0105 pos\u0142ug\u0119 o. Stanis\u0142awowi Dacie SJ i polecamy modlitwom nowego proboszcza o. Dariusz Da\u0144kowskiego SJ. Pami\u0119tajmy w tym dniu o modlitwie za nasz\u0105 wsp\u00f3lnot\u0119 parafialn\u0105.<\/p>\n<p>2.W poniedzia\u0142ek wspomnienie M\u0119cze\u0144stwa \u015bw. Jana Chrzciciela.<\/p>\n<p>3.We wtorek nowenna do Matki Bo\u017cej Nieustaj\u0105cej Pomocy.<\/p>\n<p>4.W czwartek \u2013 w dniu 1 wrze\u015bnia \u2013 o godz. 18:00 Msza \u015bw. w intencji Ojczyzny \u2013 modlimy si\u0119 o szcz\u0119\u015bcie wieczne dla wszystkich poleg\u0142ych w obronie Ojczyzny i o Bo\u017ce b\u0142ogos\u0142awie\u0144stwo oraz o pok\u00f3j w Polsce i na \u015bwiecie.<\/p>\n<p>5.W tym tygodniu przypada pierwszy pi\u0105tek i pierwsza sobota miesi\u0105ca. W pi\u0105tek, po ka\u017cdej Mszy \u015bw. &#8211; nabo\u017ce\u0144stwo do Naj\u015bwi\u0119tszego Serca Pana Jezusa; w sobot\u0119 odwiedziny chorych od godz. 10:00. Prosimy zg\u0142asza\u0107 w zakrystii zapotrzebowanie na odwiedziny chorych.<\/p>\n<p>6.W sobot\u0119 wspomnienie \u015bw. Grzegorza Wielkiego \u2013 papie\u017ca i doktora Ko\u015bcio\u0142a.<\/p>\n<p>7.W przysz\u0142\u0105 niedziel\u0119 (4 wrze\u015bnia), na Mszy \u015bw. o godz. 11:00 b\u0119dziemy si\u0119 modli\u0107 w intencji rozpoczynaj\u0105cego si\u0119 roku szkolnego, ze szczeg\u00f3lnym uwzgl\u0119dnieniem dzieci szkolnych i przedszkolnych. Odb\u0119dzie si\u0119 wtedy b\u0142ogos\u0142awie\u0144stwo tornistr\u00f3w i przybor\u00f3w szkolnych \u2013 &nbsp;prosimy dzieci, \u017ceby je przynie\u015b\u0107 na t\u0119 Msz\u0119.&nbsp;&nbsp;<\/p>\n","protected":false},"excerpt":{"rendered":"<p>PARAFIA &nbsp;CHRYSTUSA &nbsp;KR\u00d3LA OG\u0141OSZENIA &nbsp;DUSZPASTERSKIE &nbsp;\u2013 &nbsp;NA &nbsp;XXII &nbsp;NIEDZIEL\u0118 ZWYK\u0141\u0104 (28 sierpnia, 2022) 1.W dniu dzisiejszym w naszej parafii ma miejsce zmiana proboszcza. Dzi\u0119kujemy za dotychczasow\u0105 pos\u0142ug\u0119 o. Stanis\u0142awowi Dacie SJ i polecamy modlitwom nowego proboszcza o. Dariusz Da\u0144kowskiego SJ. Pami\u0119tajmy w tym dniu o modlitwie za nasz\u0105 wsp\u00f3lnot\u0119 parafialn\u0105. 2.W poniedzia\u0142ek wspomnienie M\u0119cze\u0144stwa \u015bw. [&hellip;]<\/p>\n","protected":false},"author":207,"featured_media":0,"comment_status":"closed","ping_status":"closed","sticky":false,"template":"","format":"standard","meta":{"_et_pb_use_builder":"","_et_pb_old_content":"","_et_gb_content_width":"","ngg_post_thumbnail":0,"footnotes":""},"categories":[6],"tags":[],"class_list":["post-800","post","type-post","status-publish","format-standard","hentry","category-ogloszenia-parafialne"],"_links":{"self":[{"href":"https:\/\/przegorzaly.pl\/index.php?rest_route=\/wp\/v2\/posts\/800","targetHints":{"allow":["GET"]}}],"collection":[{"href":"https:\/\/przegorzaly.pl\/index.php?rest_route=\/wp\/v2\/posts"}],"about":[{"href":"https:\/\/przegorzaly.pl\/index.php?rest_route=\/wp\/v2\/types\/post"}],"author":[{"embeddable":true,"href":"https:\/\/przegorzaly.pl\/index.php?rest_route=\/wp\/v2\/users\/207"}],"replies":[{"embeddable":true,"href":"https:\/\/przegorzaly.pl\/index.php?rest_route=%2Fwp%2Fv2%2Fcomments&post=800"}],"version-history":[{"count":1,"href":"https:\/\/przegorzaly.pl\/index.php?rest_route=\/wp\/v2\/posts\/800\/revisions"}],"predecessor-version":[{"id":806,"href":"https:\/\/przegorzaly.pl\/index.php?rest_route=\/wp\/v2\/posts\/800\/revisions\/806"}],"wp:attachment":[{"href":"https:\/\/przegorzaly.pl\/index.php?rest_route=%2Fwp%2Fv2%2Fmedia&parent=800"}],"wp:term":[{"taxonomy":"category","embeddable":true,"href":"https:\/\/przegorzaly.pl\/index.php?rest_route=%2Fwp%2Fv2%2Fcategories&post=800"},{"taxonomy":"post_tag","embeddable":true,"href":"https:\/\/przegorzaly.pl\/index.php?rest_route=%2Fwp%2Fv2%2Ftags&post=800"}],"curies":[{"name":"wp","href":"https:\/\/api.w.org\/{rel}","templated":true}]}}