{"id":578,"date":"2022-08-21T15:26:19","date_gmt":"2022-08-21T14:26:19","guid":{"rendered":"https:\/\/przegorzaly.pl\/?p=578"},"modified":"2022-09-11T14:18:25","modified_gmt":"2022-09-11T13:18:25","slug":"xxi-niedziela-zwykla","status":"publish","type":"post","link":"https:\/\/przegorzaly.pl\/?p=578","title":{"rendered":"XXI Niedziela Zwyk\u0142a"},"content":{"rendered":"<p>&nbsp;<\/p>\n<p><span style=\"color: #ff0000\">1.<\/span> W poniedzia\u0142ek wspomnienie <span style=\"color: #ff00ff\">Naj\u015bwi\u0119tszej Maryi Panny, Kr\u00f3lowej.<\/span><\/p>\n<p><span style=\"color: #ff0000\">2.<\/span> We wtorek Nowenna do Matki Bo\u017cej Nieustaj\u0105cej Pomocy przed Msz\u0105 \u015bwi\u0119t\u0105 wieczorn\u0105.<\/p>\n<p><span style=\"color: #ff0000\">3.<\/span> W \u015brod\u0119 <span style=\"color: #ff00ff\">\u015bwi\u0119to Bart\u0142omieja Aposto\u0142a<\/span>.<\/p>\n<p><span style=\"color: #ff0000\">4.<\/span> W czwartek wspomnienie \u015bwi\u0119tego Ludwika, kr\u00f3la.<\/p>\n<p><span style=\"color: #ff0000\">5.<\/span> W pi\u0105tek <span style=\"color: #ff00ff\">UROCZYSTO\u015a\u0106 NAJ\u015aWI\u0118TSZEJ MARYI PANNY CZ\u0118STOCHOWSKIEJ<\/span>. Z racji uroczysto\u015bci nie ma obowi\u0105zku wstrzemi\u0119\u017aliwo\u015bci od pokarm\u00f3w mi\u0119snych.<\/p>\n<p><span style=\"color: #ff0000\">6.<\/span> W sobot\u0119 wspomnienie \u015bwi\u0119tej Moniki.<\/p>\n<p><span style=\"color: #ff0000\">7.<\/span> <span style=\"color: #ff00ff\">W niedziel\u0119 28 sierpnia na Mszy \u015bwi\u0119tej o godzinie 11.00 dokona si\u0119 zmiana proboszcza<\/span> &nbsp;&nbsp;&nbsp;w naszej parafii. Dotychczasowy proboszcz O. Stanis\u0142aw Data, po zako\u0144czeniu sze\u015bcioletniej kadencji, powr\u00f3ci do Wroc\u0142awia. Nowym proboszczem b\u0119dzie O. Dariusz Da\u0144kowski.<\/p>\n<p>&nbsp;<\/p>\n<p>&nbsp;<\/p>\n<p>&nbsp;<\/p>\n<p>&nbsp;<\/p>\n<p>Krak\u00f3w, 21.08.2022<\/p>\n","protected":false},"excerpt":{"rendered":"<p>&nbsp; 1. W poniedzia\u0142ek wspomnienie Naj\u015bwi\u0119tszej Maryi Panny, Kr\u00f3lowej. 2. We wtorek Nowenna do Matki Bo\u017cej Nieustaj\u0105cej Pomocy przed Msz\u0105 \u015bwi\u0119t\u0105 wieczorn\u0105. 3. W \u015brod\u0119 \u015bwi\u0119to Bart\u0142omieja Aposto\u0142a. 4. W czwartek wspomnienie \u015bwi\u0119tego Ludwika, kr\u00f3la. 5. W pi\u0105tek UROCZYSTO\u015a\u0106 NAJ\u015aWI\u0118TSZEJ MARYI PANNY CZ\u0118STOCHOWSKIEJ. Z racji uroczysto\u015bci nie ma obowi\u0105zku wstrzemi\u0119\u017aliwo\u015bci od pokarm\u00f3w mi\u0119snych. 6. W [&hellip;]<\/p>\n","protected":false},"author":207,"featured_media":0,"comment_status":"closed","ping_status":"closed","sticky":false,"template":"","format":"standard","meta":{"_et_pb_use_builder":"","_et_pb_old_content":"","_et_gb_content_width":"","ngg_post_thumbnail":0,"footnotes":""},"categories":[6],"tags":[],"class_list":["post-578","post","type-post","status-publish","format-standard","hentry","category-ogloszenia-parafialne"],"_links":{"self":[{"href":"https:\/\/przegorzaly.pl\/index.php?rest_route=\/wp\/v2\/posts\/578","targetHints":{"allow":["GET"]}}],"collection":[{"href":"https:\/\/przegorzaly.pl\/index.php?rest_route=\/wp\/v2\/posts"}],"about":[{"href":"https:\/\/przegorzaly.pl\/index.php?rest_route=\/wp\/v2\/types\/post"}],"author":[{"embeddable":true,"href":"https:\/\/przegorzaly.pl\/index.php?rest_route=\/wp\/v2\/users\/207"}],"replies":[{"embeddable":true,"href":"https:\/\/przegorzaly.pl\/index.php?rest_route=%2Fwp%2Fv2%2Fcomments&post=578"}],"version-history":[{"count":3,"href":"https:\/\/przegorzaly.pl\/index.php?rest_route=\/wp\/v2\/posts\/578\/revisions"}],"predecessor-version":[{"id":638,"href":"https:\/\/przegorzaly.pl\/index.php?rest_route=\/wp\/v2\/posts\/578\/revisions\/638"}],"wp:attachment":[{"href":"https:\/\/przegorzaly.pl\/index.php?rest_route=%2Fwp%2Fv2%2Fmedia&parent=578"}],"wp:term":[{"taxonomy":"category","embeddable":true,"href":"https:\/\/przegorzaly.pl\/index.php?rest_route=%2Fwp%2Fv2%2Fcategories&post=578"},{"taxonomy":"post_tag","embeddable":true,"href":"https:\/\/przegorzaly.pl\/index.php?rest_route=%2Fwp%2Fv2%2Ftags&post=578"}],"curies":[{"name":"wp","href":"https:\/\/api.w.org\/{rel}","templated":true}]}}