{"id":387,"date":"2022-03-19T19:10:36","date_gmt":"2022-03-19T18:10:36","guid":{"rendered":"https:\/\/przegorzaly.pl\/?p=387"},"modified":"2022-03-19T20:56:06","modified_gmt":"2022-03-19T19:56:06","slug":"iii-niedziela-wielkiego-postu","status":"publish","type":"post","link":"https:\/\/przegorzaly.pl\/?p=387","title":{"rendered":"III Niedziela Wielkiego Postu"},"content":{"rendered":"<p><img loading=\"lazy\" decoding=\"async\" class=\"size-medium wp-image-393 aligncenter\" src=\"https:\/\/przegorzaly.pl\/files\/2022\/03\/wlkpt-300x300.jpg\" alt=\"\" width=\"300\" height=\"300\" srcset=\"https:\/\/przegorzaly.pl\/files\/2022\/03\/wlkpt-300x300.jpg 300w, https:\/\/przegorzaly.pl\/files\/2022\/03\/wlkpt-150x150.jpg 150w, https:\/\/przegorzaly.pl\/files\/2022\/03\/wlkpt.jpg 370w\" sizes=\"(max-width: 300px) 100vw, 300px\" \/><\/p>\n<p><span style=\"color: #000000\">1.Dzisiaj o godzinie<\/span> <span style=\"color: #8b0af5\"><strong>17.15. GORZKIE \u017bALE<\/strong><\/span> <span style=\"color: #000000\">z kazaniem pasyjnym.<br \/>\n<\/span><span style=\"color: #000000\">Za udzia\u0142 w Gorzkich \u017calach mo\u017cna dost\u0105pi\u0107 odpustu zupe\u0142nego pod zwyk\u0142ymi warunkami.<\/span><\/p>\n<p>&nbsp;2. W <span style=\"color: #8b0af5\"><strong>pi\u0105tek UROCZYSTO\u015a\u0106 ZWIASTOWANIA PA\u0143SKIEGO<\/strong>.<br \/>\n<\/span>Z racji uroczysto\u015bci nie ma obowi\u0105zku wstrzemi\u0119\u017aliwo\u015bci od pokarm\u00f3w mi\u0119snych.<br \/>\nDzie\u0144 ten jest tak\u017ce prze\u017cywany jako Dzie\u0144 \u015awi\u0119to\u015bci \u017bycia.<\/p>\n<p><span style=\"color: #000000\">3. W pi\u0105tek o godz. 17.00, w jedno\u015bci z Nast\u0119pc\u0105 \u015awi\u0119tego Piotra, odm\u00f3wimy Akt Po\u015bwiecenia Rosji i Ukrainy Niepokalanemu Sercu Maryi, a p\u00f3\u017aniej &nbsp;Nabo\u017ce\u0144stwo DROGI KRZY\u017bOWEJ.<br \/>\n<\/span><span style=\"color: #000000\">Za udzia\u0142 w Drodze Krzy\u017cowej mo\u017cna zyska\u0107 odpust zupe\u0142ny pod zwyk\u0142ymi warunkami.<\/span><\/p>\n<p>4.<span style=\"color: #8b0af5\"><strong> Rekolekcje wielkopostne<\/strong><\/span>&nbsp;<span style=\"color: #000000\">w naszym ko\u015bciele<\/span> <span style=\"color: #8b0af5\"><strong>rozpoczn\u0105 si\u0119 w 5 Niedziel\u0119 Wielkopostn\u0105 &#8211;<\/strong><\/span><strong>&nbsp; 3 kwietnia<\/strong>.<br \/>\n<span style=\"color: #000000\">Rekolekcje b\u0119dzie prowadzi\u0142 O. Henryk Ca\u0142ka, jezuita.<\/span><\/p>\n<p><span style=\"color: #000000\">5. W zakrystii mo\u017cna naby\u0107 baranki wielkanocne rozprowadzane przez Caritas Archidiecezji Krakowskiej.&nbsp;<\/span><\/p>\n<p>&nbsp;<\/p>\n<p>&nbsp;<\/p>\n<p>&nbsp;<\/p>\n<p>&nbsp;<\/p>\n<p>Krak\u00f3w, 20.03.2022<\/p>\n","protected":false},"excerpt":{"rendered":"<p>1.Dzisiaj o godzinie 17.15. GORZKIE \u017bALE z kazaniem pasyjnym. Za udzia\u0142 w Gorzkich \u017calach mo\u017cna dost\u0105pi\u0107 odpustu zupe\u0142nego pod zwyk\u0142ymi warunkami. &nbsp;2. W pi\u0105tek UROCZYSTO\u015a\u0106 ZWIASTOWANIA PA\u0143SKIEGO. Z racji uroczysto\u015bci nie ma obowi\u0105zku wstrzemi\u0119\u017aliwo\u015bci od pokarm\u00f3w mi\u0119snych. Dzie\u0144 ten jest tak\u017ce prze\u017cywany jako Dzie\u0144 \u015awi\u0119to\u015bci \u017bycia. 3. W pi\u0105tek o godz. 17.00, w jedno\u015bci z [&hellip;]<\/p>\n","protected":false},"author":207,"featured_media":0,"comment_status":"closed","ping_status":"closed","sticky":false,"template":"","format":"standard","meta":{"_et_pb_use_builder":"","_et_pb_old_content":"","_et_gb_content_width":"","ngg_post_thumbnail":0,"footnotes":""},"categories":[6],"tags":[],"class_list":["post-387","post","type-post","status-publish","format-standard","hentry","category-ogloszenia-parafialne"],"_links":{"self":[{"href":"https:\/\/przegorzaly.pl\/index.php?rest_route=\/wp\/v2\/posts\/387","targetHints":{"allow":["GET"]}}],"collection":[{"href":"https:\/\/przegorzaly.pl\/index.php?rest_route=\/wp\/v2\/posts"}],"about":[{"href":"https:\/\/przegorzaly.pl\/index.php?rest_route=\/wp\/v2\/types\/post"}],"author":[{"embeddable":true,"href":"https:\/\/przegorzaly.pl\/index.php?rest_route=\/wp\/v2\/users\/207"}],"replies":[{"embeddable":true,"href":"https:\/\/przegorzaly.pl\/index.php?rest_route=%2Fwp%2Fv2%2Fcomments&post=387"}],"version-history":[{"count":8,"href":"https:\/\/przegorzaly.pl\/index.php?rest_route=\/wp\/v2\/posts\/387\/revisions"}],"predecessor-version":[{"id":397,"href":"https:\/\/przegorzaly.pl\/index.php?rest_route=\/wp\/v2\/posts\/387\/revisions\/397"}],"wp:attachment":[{"href":"https:\/\/przegorzaly.pl\/index.php?rest_route=%2Fwp%2Fv2%2Fmedia&parent=387"}],"wp:term":[{"taxonomy":"category","embeddable":true,"href":"https:\/\/przegorzaly.pl\/index.php?rest_route=%2Fwp%2Fv2%2Fcategories&post=387"},{"taxonomy":"post_tag","embeddable":true,"href":"https:\/\/przegorzaly.pl\/index.php?rest_route=%2Fwp%2Fv2%2Ftags&post=387"}],"curies":[{"name":"wp","href":"https:\/\/api.w.org\/{rel}","templated":true}]}}