{"id":311,"date":"2022-03-07T14:39:19","date_gmt":"2022-03-07T13:39:19","guid":{"rendered":"https:\/\/przegorzaly.ccmiatfdtj.cfolks.pl\/?p=311"},"modified":"2022-03-07T14:42:47","modified_gmt":"2022-03-07T13:42:47","slug":"ogloszenia-duszpasterskie-i-niedziela-wielkiego-postu","status":"publish","type":"post","link":"https:\/\/przegorzaly.pl\/?p=311","title":{"rendered":"I NIEDZIELA Wielkiego POSTU"},"content":{"rendered":"<p style=\"text-align: center;\"><img loading=\"lazy\" decoding=\"async\" class=\"wp-image-314 aligncenter\" src=\"http:\/\/przegorzaly.jezuici.plici.pl\/wp-content\/blogs.dir\/152\/files\/2022\/03\/WielkiPost-300x99.jpg\" alt=\"\" width=\"378\" height=\"125\" srcset=\"https:\/\/przegorzaly.pl\/files\/2022\/03\/WielkiPost-300x99.jpg 300w, https:\/\/przegorzaly.pl\/files\/2022\/03\/WielkiPost.jpg 734w\" sizes=\"(max-width: 378px) 100vw, 378px\" \/><\/p>\n<h3>1. Dzisiaj o godzinie <span style=\"color: #8b0af5;\"><strong>17.15. GORZKIE \u017bALE<\/strong><\/span> z kazaniem pasyjnym.<br \/>\nZa udzia\u0142 w Gorzkich \u017calach mo\u017cna dost\u0105pi\u0107 odpustu zupe\u0142nego pod zwyk\u0142ymi warunkami.<\/p>\n<p>2. W poniedzia\u0142ek wspomnienie \u015bwi\u0119tych m\u0119czennic Perpetuy i Felicyty.<\/p>\n<p>3. We wtorek wspomnienie \u015bwi\u0119tego Jana Bo\u017cego, zakonnika.<br \/>\nPrzed Msz\u0105 \u015bwi\u0119t\u0105 wieczorn\u0105 nabo\u017ce\u0144stwo do Matki Bo\u017cej.<\/p>\n<p>4. W \u015brod\u0119 wspomnienie \u015bwi\u0119tej Franciszki Rzymianki, zakonnicy.<\/p>\n<p>5. W <span style=\"color: #8b0af5;\">pi\u0105te<\/span><span style=\"color: #8b0af5;\">k<\/span> o godzinie <span style=\"color: #8b0af5;\"><strong>17.30<\/strong><\/span> nabo\u017ce\u0144stwo <span style=\"color: #8b0af5;\"><strong>DROGI KRZY\u017bOWEJ<\/strong><\/span> w intencji owocnego prze\u017cycia rekolekcji i Wielkiego Postu. Za udzia\u0142 w nabo\u017ce\u0144stwie mo\u017cna zyska\u0107 odpust zupe\u0142ny pod zwyk\u0142ymi warunkami.<\/p>\n<p>6. <strong><span style=\"color: #8b0af5;\">REKOLEKCJE WIELKOPOSTNE<\/span><\/strong> w naszym ko\u015bciele <strong>rozpoczn\u0105 si\u0119 w pi\u0105t\u0105 niedziel\u0119 Wielkiego Postu<\/strong>.<br \/>\nG\u0142osi\u0142 je b\u0119dzie Ojciec Henryk Ca\u0142ka, jezuita. Plan rekolekcji zamieszczony na afiszu.<\/h3>\n","protected":false},"excerpt":{"rendered":"<p>1. Dzisiaj o godzinie 17.15. GORZKIE \u017bALE z kazaniem pasyjnym. Za udzia\u0142 w Gorzkich \u017calach mo\u017cna dost\u0105pi\u0107 odpustu zupe\u0142nego pod zwyk\u0142ymi warunkami. 2. W poniedzia\u0142ek wspomnienie \u015bwi\u0119tych m\u0119czennic Perpetuy i Felicyty. 3. We wtorek wspomnienie \u015bwi\u0119tego Jana Bo\u017cego, zakonnika. Przed Msz\u0105 \u015bwi\u0119t\u0105 wieczorn\u0105 nabo\u017ce\u0144stwo do Matki Bo\u017cej. 4. W \u015brod\u0119 wspomnienie \u015bwi\u0119tej Franciszki Rzymianki, zakonnicy. [&hellip;]<\/p>\n","protected":false},"author":207,"featured_media":0,"comment_status":"closed","ping_status":"closed","sticky":false,"template":"","format":"standard","meta":{"_et_pb_use_builder":"","_et_pb_old_content":"","_et_gb_content_width":"","ngg_post_thumbnail":0,"footnotes":""},"categories":[6],"tags":[],"class_list":["post-311","post","type-post","status-publish","format-standard","hentry","category-ogloszenia-parafialne"],"_links":{"self":[{"href":"https:\/\/przegorzaly.pl\/index.php?rest_route=\/wp\/v2\/posts\/311","targetHints":{"allow":["GET"]}}],"collection":[{"href":"https:\/\/przegorzaly.pl\/index.php?rest_route=\/wp\/v2\/posts"}],"about":[{"href":"https:\/\/przegorzaly.pl\/index.php?rest_route=\/wp\/v2\/types\/post"}],"author":[{"embeddable":true,"href":"https:\/\/przegorzaly.pl\/index.php?rest_route=\/wp\/v2\/users\/207"}],"replies":[{"embeddable":true,"href":"https:\/\/przegorzaly.pl\/index.php?rest_route=%2Fwp%2Fv2%2Fcomments&post=311"}],"version-history":[{"count":5,"href":"https:\/\/przegorzaly.pl\/index.php?rest_route=\/wp\/v2\/posts\/311\/revisions"}],"predecessor-version":[{"id":317,"href":"https:\/\/przegorzaly.pl\/index.php?rest_route=\/wp\/v2\/posts\/311\/revisions\/317"}],"wp:attachment":[{"href":"https:\/\/przegorzaly.pl\/index.php?rest_route=%2Fwp%2Fv2%2Fmedia&parent=311"}],"wp:term":[{"taxonomy":"category","embeddable":true,"href":"https:\/\/przegorzaly.pl\/index.php?rest_route=%2Fwp%2Fv2%2Fcategories&post=311"},{"taxonomy":"post_tag","embeddable":true,"href":"https:\/\/przegorzaly.pl\/index.php?rest_route=%2Fwp%2Fv2%2Ftags&post=311"}],"curies":[{"name":"wp","href":"https:\/\/api.w.org\/{rel}","templated":true}]}}