{"id":2319,"date":"2026-09-05T14:24:31","date_gmt":"2026-09-05T12:24:31","guid":{"rendered":"https:\/\/przegorzaly.pl\/?p=2319"},"modified":"2026-09-05T14:24:31","modified_gmt":"2026-09-05T12:24:31","slug":"xxiii-niedziela-zwykla-6-wrzesnia-2026r","status":"publish","type":"post","link":"https:\/\/przegorzaly.pl\/?p=2319","title":{"rendered":"XXIII Niedziela Zwyk\u0142a &#8211; 6 wrze\u015bnia, 2026r."},"content":{"rendered":"<p style=\"text-align: center\"><strong>PARAFIA &nbsp;CHRYSTUSA &nbsp;KR\u00d3LA<\/strong><\/p>\n<p style=\"text-align: center\"><strong>OG\u0141OSZENIA &nbsp;DUSZPASTERSKIE \u2013 XXIII Niedziela Zwyk\u0142a <\/strong><\/p>\n<p style=\"text-align: center\"><strong>(6 wrze\u015bnia, 2026r.)<\/strong><\/p>\n<p>1.Dzi\u015b <strong>pierwsza niedziela miesi\u0105ca<\/strong>: przed Msz\u0105 \u015bw. o godz. 9:00 \u2013 koronka do Bo\u017cego mi\u0142osierdzia, po tej Mszy \u015bw. om\u00f3wienie intencji Apostolstwa Modlitwy oraz mo\u017cliwo\u015b\u0107 wymiany tajemnic \u017cywego r\u00f3\u017ca\u0144ca; Taca przeznaczona jest na pokrycie koszt\u00f3w parkingu parafialnego. Nr konta parafialnego podany jest w gablocie i na naszej stronie internetowej:<\/p>\n<p>48 1240 2294 1111 0000 3723 9046<\/p>\n<p>Ka\u017cdego tygodnia odprawiamy Msz\u0119 \u015bw. w intencji naszych dobroczy\u0144c\u00f3w.<\/p>\n<p>2.Dzi\u015b na Mszy \u015bw. o godz. 11:00 <strong>po\u015bwi\u0119cenie tornistr\u00f3w<\/strong> oraz przybor\u00f3w szkolnych dzieci i m\u0142odzie\u017cy. W naszych modlitwach pami\u0119tajmy szczeg\u00f3lnie o tych, kt\u00f3rzy rozpocz\u0119li sw\u00f3j pierwszy w \u017cyciu rok szkolny.<\/p>\n<p>3.Wczoraj nasz Parafianin Tomasz Machaj (OSA) nale\u017c\u0105cy do zakonu augustian\u00f3w przyj\u0105\u0142 \u015bwi\u0119cenia kap\u0142a\u0144skie w Brnie, w Republice Czeskiej. W przysz\u0142\u0105 niedziel\u0119 o godz. 11:00 odprawi swoj\u0105 <strong>Msz\u0119 \u015bw. prymicyjn\u0105<\/strong> ze specjalnym b\u0142ogos\u0142awie\u0144stwem. Serdecznie zapraszamy do udzia\u0142u w tej uroczysto\u015bci.<\/p>\n<p>4.Przypominamy o naszej akcji <strong>podzielnika ksi\u0105\u017cek<\/strong>; zach\u0119camy do przynoszenia przeczytanych ksi\u0105\u017cek do naszej salki duszpasterskiej, przy okazji mo\u017cna wybra\u0107 interesuj\u0105c\u0105 pozycj\u0119 dla siebie; w niedziele po Mszach \u015bw. o godz. 9:00 i 11:00 funkcjonuje nasza parafialna kawiarenka, gdzie mo\u017cna si\u0119 spotka\u0107 przy fili\u017cance kawy czy herbaty.<\/p>\n<p>5.<strong>Z kalendarza liturgicznego<\/strong>: w poniedzia\u0142ek wspomnienie &nbsp;zamordowanych przez kalwinist\u00f3w m\u0119czennik\u00f3w koszyckich: o. Stefana Pongr\u00e1cza SJ, o. Melchiora Grodzieckiego SJ \u2013 kap\u0142an\u00f3w, jezuit\u00f3w \u2013 oraz ks. kanonika ostrzyhomskiego Marka Kri\u017ea; we wtorek \u2013 \u015bwi\u0119to Narodzenia NMP (porz\u0105dek Mszy \u015bw. jak w dzie\u0144 zwyk\u0142y); w \u015brod\u0119 wspomnienie \u015bw. Piotra Klawera, hiszpa\u0144skiego jezuity \u2013 duszpasterza afryka\u0144skich niewolnik\u00f3w w Ameryce \u0141aci\u0144skiej;<\/p>\n","protected":false},"excerpt":{"rendered":"<p>PARAFIA &nbsp;CHRYSTUSA &nbsp;KR\u00d3LA OG\u0141OSZENIA &nbsp;DUSZPASTERSKIE \u2013 XXIII Niedziela Zwyk\u0142a (6 wrze\u015bnia, 2026r.) 1.Dzi\u015b pierwsza niedziela miesi\u0105ca: przed Msz\u0105 \u015bw. o godz. 9:00 \u2013 koronka do Bo\u017cego mi\u0142osierdzia, po tej Mszy \u015bw. om\u00f3wienie intencji Apostolstwa Modlitwy oraz mo\u017cliwo\u015b\u0107 wymiany tajemnic \u017cywego r\u00f3\u017ca\u0144ca; Taca przeznaczona jest na pokrycie koszt\u00f3w parkingu parafialnego. Nr konta parafialnego podany jest w [&hellip;]<\/p>\n","protected":false},"author":207,"featured_media":0,"comment_status":"closed","ping_status":"closed","sticky":false,"template":"","format":"standard","meta":{"_et_pb_use_builder":"","_et_pb_old_content":"","_et_gb_content_width":"","ngg_post_thumbnail":0,"footnotes":""},"categories":[6],"tags":[],"class_list":["post-2319","post","type-post","status-publish","format-standard","hentry","category-ogloszenia-parafialne"],"_links":{"self":[{"href":"https:\/\/przegorzaly.pl\/index.php?rest_route=\/wp\/v2\/posts\/2319","targetHints":{"allow":["GET"]}}],"collection":[{"href":"https:\/\/przegorzaly.pl\/index.php?rest_route=\/wp\/v2\/posts"}],"about":[{"href":"https:\/\/przegorzaly.pl\/index.php?rest_route=\/wp\/v2\/types\/post"}],"author":[{"embeddable":true,"href":"https:\/\/przegorzaly.pl\/index.php?rest_route=\/wp\/v2\/users\/207"}],"replies":[{"embeddable":true,"href":"https:\/\/przegorzaly.pl\/index.php?rest_route=%2Fwp%2Fv2%2Fcomments&post=2319"}],"version-history":[{"count":1,"href":"https:\/\/przegorzaly.pl\/index.php?rest_route=\/wp\/v2\/posts\/2319\/revisions"}],"predecessor-version":[{"id":2320,"href":"https:\/\/przegorzaly.pl\/index.php?rest_route=\/wp\/v2\/posts\/2319\/revisions\/2320"}],"wp:attachment":[{"href":"https:\/\/przegorzaly.pl\/index.php?rest_route=%2Fwp%2Fv2%2Fmedia&parent=2319"}],"wp:term":[{"taxonomy":"category","embeddable":true,"href":"https:\/\/przegorzaly.pl\/index.php?rest_route=%2Fwp%2Fv2%2Fcategories&post=2319"},{"taxonomy":"post_tag","embeddable":true,"href":"https:\/\/przegorzaly.pl\/index.php?rest_route=%2Fwp%2Fv2%2Ftags&post=2319"}],"curies":[{"name":"wp","href":"https:\/\/api.w.org\/{rel}","templated":true}]}}