{"id":2248,"date":"2026-03-14T12:43:24","date_gmt":"2026-03-14T11:43:24","guid":{"rendered":"https:\/\/przegorzaly.pl\/?p=2248"},"modified":"2026-03-15T08:55:59","modified_gmt":"2026-03-15T07:55:59","slug":"iv-niedziela-wielkiego-postu-15-marca-2026r","status":"publish","type":"post","link":"https:\/\/przegorzaly.pl\/?p=2248","title":{"rendered":"IV Niedziela Wielkiego Postu &#8211; 15 marca, 2026r."},"content":{"rendered":"<p style=\"text-align: center\"><strong>PARAFIA&nbsp; CHRYSTUSA&nbsp; KR\u00d3LA<\/strong><\/p>\n<p style=\"text-align: center\"><strong>OG\u0141OSZENIA&nbsp; DUSZPASTERSKIE \u2013 IV Niedziela Wielkiego Postu <\/strong><\/p>\n<p style=\"text-align: center\"><strong>(15 marca, 2026r.)<\/strong><\/p>\n<p><em>IV Niedziela Wielkiego Postu nazywana jest niedziel\u0105 L\u00e6tare. To \u0142aci\u0144skie s\u0142owo oznacza &#8222;Cieszcie si\u0119&#8221; i rozpoczyna antyfon\u0119 na wej\u015bcie, przeznaczon\u0105 na dzisiejsz\u0105 liturgi\u0119. Wolno dzi\u015b u\u017cywa\u0107 szat liturgicznych koloru r\u00f3\u017canego, ozdabia\u0107 o\u0142tarz kwiatami i wykorzystywa\u0107 instrumenty muzyczne w \u015bpiewie.<\/em><\/p>\n<p><strong>&nbsp;<\/strong>1.W ka\u017cdy pi\u0105tek Wielkiego Postu o godz. 17:30 odbywa si\u0119 <strong>nabo\u017ce\u0144stwo Drogi Krzy\u017cowej. <\/strong>Wszystkie dzieci zapraszamy na specjaln\u0105 Drog\u0119 Krzy\u017cow\u0105 z udzia\u0142em dzieci w dniu 27 marca.<\/p>\n<p>2.W ka\u017cd\u0105 niedziel\u0119 Wielkiego Postu o godz. 17:15 &#8211; <strong>nabo\u017ce\u0144stwo Gorzkich \u017bali<\/strong>; w tym roku zaprosili\u015bmy r\u00f3\u017cnych kap\u0142an\u00f3w do g\u0142oszenia kaza\u0144 pasyjnych \u2013 dzi\u015b kazanie na Gorzkich \u017balach g\u0142osi <strong>o. Jacek Prusak SJ<\/strong> \u2013 wyk\u0142adowca psychologii na Uniwersytecie Ignatianum; za\u015b w 5 i 6 Niedziel\u0119 Wielkiego Postu kazania b\u0119dzie g\u0142osi\u0142 <strong>o. Krzysztof Homa<\/strong> <strong>SJ<\/strong> \u2013 misjonarz z do\u015bwiadczeniem mi\u0119dzynarodowym.<\/p>\n<p>3.<strong>Rekolekcje Wielkopostne<\/strong> rozpoczniemy 22 marca i wyg\u0142osi je <strong>o. Damian Mazurkiewicz SJ<\/strong> \u2013 Socjusz Prowincja\u0142a Prowincji Polski Po\u0142udniowej Towarzystwa Jezusowego.<\/p>\n<p>4.Dzi\u015b spotkanie rodzic\u00f3w i <strong>dzieci przygotowuj\u0105cych si\u0119 do Pierwszej Komunii \u015bw<\/strong>. oraz <strong>spotkanie m\u0142odzie\u017cy przygotowuj\u0105cej si\u0119 do bierzmowania<\/strong> z klas 8-ych, o godz. 16:30; spotkanie uzupe\u0142niaj\u0105ce dla os\u00f3b, kt\u00f3re do\u0142\u0105czy\u0142y w tym roku o godz. 15:30.<\/p>\n<p>5.Dzi\u015b <strong>zbi\u00f3rka ministrancka<\/strong> o godz. 16:30.<\/p>\n<p>6.Spotkanie <strong>grupy biblijnej<\/strong> w przysz\u0142\u0105 niedziel\u0119 (22 marca) wyj\u0105tkowo o godz. 16:00 z uwagi na Gorzkie \u017bale.<\/p>\n<p>7.W zakrystii mo\u017cna nabywa\u0107 <strong>baranki wielkanocne<\/strong>.<\/p>\n<p>8.Fundacja Zr\u00f3bmy Sobie Krak\u00f3w oraz Stowarzyszenie MANKO \u2013 G\u0142os Seniora serdecznie zapraszaj\u0105 na wyj\u0105tkowe wydarzenie \u015bwi\u0105teczne \u201e<strong>Wielkanocny \u017curek dla samotnych<\/strong>\u201d 1 kwietnia 2026 r., w godzinach: 11:00\u201314:00; w siedzibie organizacji G\u0142os Seniora: Osiedle Urocze 12; Podczas wydarzenia przygotujemy i wydamy 1500 porcji pysznego \u017curku dla os\u00f3b, kt\u00f3re sp\u0119dzaj\u0105 \u015bwi\u0119ta samotnie. Prosimy o zabranie w\u0142asnego s\u0142oika lub pojemnika na \u017curek.<\/p>\n<p>9.<strong>Og\u0142oszenie samorz\u0105dowe<\/strong>: W sobot\u0119 21.03.2025 r. o godz. 10.00 w Klubie Kultury \u201ePrzegorza\u0142y\u201d przy ul. Kamedulskiej 70, podobnie jak w 5 innych lokalizacjach na terenie ca\u0142ej Dzielnicy VII Zwierzyniec, odb\u0119dzie si\u0119 akcja sprz\u0105tania okolicy pn. \u201eWiosenne Porz\u0105dki na Zwierzy\u0144cu\u201d.&nbsp;W nagrod\u0119 za udzia\u0142 w sprz\u0105taniu o godz. 15.00 w Centrum Edukacji Ekologicznej \u201eSymbioza\u201d przy al. \u017bubrowej 15 w samym sercu Lasu Wolskiego odb\u0119dzie si\u0119 integracyjne ognisko z atrakcjami dla cia\u0142a i ducha.<\/p>\n","protected":false},"excerpt":{"rendered":"<p>PARAFIA&nbsp; CHRYSTUSA&nbsp; KR\u00d3LA OG\u0141OSZENIA&nbsp; DUSZPASTERSKIE \u2013 IV Niedziela Wielkiego Postu (15 marca, 2026r.) IV Niedziela Wielkiego Postu nazywana jest niedziel\u0105 L\u00e6tare. To \u0142aci\u0144skie s\u0142owo oznacza &#8222;Cieszcie si\u0119&#8221; i rozpoczyna antyfon\u0119 na wej\u015bcie, przeznaczon\u0105 na dzisiejsz\u0105 liturgi\u0119. Wolno dzi\u015b u\u017cywa\u0107 szat liturgicznych koloru r\u00f3\u017canego, ozdabia\u0107 o\u0142tarz kwiatami i wykorzystywa\u0107 instrumenty muzyczne w \u015bpiewie. &nbsp;1.W ka\u017cdy pi\u0105tek [&hellip;]<\/p>\n","protected":false},"author":207,"featured_media":0,"comment_status":"closed","ping_status":"closed","sticky":false,"template":"","format":"standard","meta":{"_et_pb_use_builder":"","_et_pb_old_content":"","_et_gb_content_width":"","ngg_post_thumbnail":0,"footnotes":""},"categories":[6],"tags":[],"class_list":["post-2248","post","type-post","status-publish","format-standard","hentry","category-ogloszenia-parafialne"],"_links":{"self":[{"href":"https:\/\/przegorzaly.pl\/index.php?rest_route=\/wp\/v2\/posts\/2248","targetHints":{"allow":["GET"]}}],"collection":[{"href":"https:\/\/przegorzaly.pl\/index.php?rest_route=\/wp\/v2\/posts"}],"about":[{"href":"https:\/\/przegorzaly.pl\/index.php?rest_route=\/wp\/v2\/types\/post"}],"author":[{"embeddable":true,"href":"https:\/\/przegorzaly.pl\/index.php?rest_route=\/wp\/v2\/users\/207"}],"replies":[{"embeddable":true,"href":"https:\/\/przegorzaly.pl\/index.php?rest_route=%2Fwp%2Fv2%2Fcomments&post=2248"}],"version-history":[{"count":3,"href":"https:\/\/przegorzaly.pl\/index.php?rest_route=\/wp\/v2\/posts\/2248\/revisions"}],"predecessor-version":[{"id":2252,"href":"https:\/\/przegorzaly.pl\/index.php?rest_route=\/wp\/v2\/posts\/2248\/revisions\/2252"}],"wp:attachment":[{"href":"https:\/\/przegorzaly.pl\/index.php?rest_route=%2Fwp%2Fv2%2Fmedia&parent=2248"}],"wp:term":[{"taxonomy":"category","embeddable":true,"href":"https:\/\/przegorzaly.pl\/index.php?rest_route=%2Fwp%2Fv2%2Fcategories&post=2248"},{"taxonomy":"post_tag","embeddable":true,"href":"https:\/\/przegorzaly.pl\/index.php?rest_route=%2Fwp%2Fv2%2Ftags&post=2248"}],"curies":[{"name":"wp","href":"https:\/\/api.w.org\/{rel}","templated":true}]}}