{"id":2121,"date":"2025-09-27T13:55:12","date_gmt":"2025-09-27T11:55:12","guid":{"rendered":"https:\/\/przegorzaly.pl\/?p=2121"},"modified":"2025-09-27T13:55:12","modified_gmt":"2025-09-27T11:55:12","slug":"xxv-niedziela-zwykla-21-wrzesnia-2025r","status":"publish","type":"post","link":"https:\/\/przegorzaly.pl\/?p=2121","title":{"rendered":"XXV Niedziela Zwyk\u0142a &#8211; 21 wrze\u015bnia, 2025r."},"content":{"rendered":"<p style=\"text-align: center\"><strong>PARAFIA &nbsp;CHRYSTUSA &nbsp;KR\u00d3LA<\/strong><\/p>\n<p style=\"text-align: center\"><strong>OG\u0141OSZENIA &nbsp;DUSZPASTERSKIE &nbsp;\u2013 &nbsp;XXV &nbsp;Niedziela&nbsp; Zwyk\u0142a <\/strong><\/p>\n<p style=\"text-align: center\"><strong>21 wrze\u015bnia, 2025r.<\/strong><\/p>\n<p>1.<strong>Dzi\u0119kujemy wszystkim<\/strong>, kt\u00f3rzy pomogli nam w organizowaniu obchod\u00f3w 75-lecia naszej Parafii, w szczeg\u00f3lno\u015bci tym, kt\u00f3rzy przyjacielsko po\u017cyczyli nam namioty i uratowali piknik w ogrodzie. To s\u0105: Firma Bistro Jasnog\u00f3rska z Krakowa, harcerze ZHR ze Szczepu Arkona 18 na Salwatorze oraz Kolegium Jezuit\u00f3w w Krakowie na ul. Kopernika.<\/p>\n<p>2.Dzi\u015b \u2013 po Mszy \u015bw. o godz. 11:00 odb\u0119dzie si\u0119 <strong>spotkanie organizacyjne dla rodzic\u00f3w i dzieci przygotowuj\u0105cych si\u0119 do Pierwszej Komunii \u015bw.<\/strong> Przypominamy o wymogu uczestniczenia dzieci w lekcjach religii w klasach I, II i III.<\/p>\n<p>3.Spotkanie organizacyjne <strong>m\u0142odzie\u017cy przygotowuj\u0105cej si\u0119 do sakramentu bierzmowania<\/strong> \u2013 zar\u00f3wno z klas 7-ych jak i 8-ych &#8211; odb\u0119dzie si\u0119 w przysz\u0142\u0105 niedziel\u0119 (28.09), po Mszy \u015bw. o godz. 18:00.<\/p>\n<p>4.<strong>Tradycyjnie zapraszamy<\/strong> dzieci na Msz\u0119 \u015bw. niedzieln\u0105 o godz. 11:00. We wtorki o godz. 18:00 jest nowenna do Matki Bo\u017cej Nieustaj\u0105cej Pomocy, w soboty na Mszy \u015bw. o godz. 7:30 modlimy si\u0119 w intencji rodzin oraz matek oczekuj\u0105cych dziecka, a w pierwsze soboty miesi\u0105ca po porannej Mszy \u015bw. jest nabo\u017ce\u0144stwo pierwszosobotnie. W pierwsze wtorki miesi\u0105ca adorujemy Naj\u015bwi\u0119tszy Sakrament od godz. 17:30 do 18:00.<\/p>\n<p>5.Og\u0142oszenie spo\u0142eczne: Serdecznie zapraszamy na ods\u0142oni\u0119cie <strong>tablicy upami\u0119tniaj\u0105cej dzia\u0142alno\u015b\u0107 \u017co\u0142nierzy Armii Krajowej<\/strong> na terenie Dzielnicy VII Zwierzyniec w Krakowie. Uroczysto\u015b\u0107 odb\u0119dzie si\u0119 26 wrze\u015bnia (pi\u0105tek) 2025r. o godz. 16:00 w Szkole Podstawowej nr 72 w Krakowie, przy ul. Modrzewiowej 23.<\/p>\n<p>6.<strong>W kalendarzu liturgicznym<\/strong>: we wtorek \u2013 wspomnienie \u015bw. Ojca Pio z Pietrelciny, prezbitera; w sobot\u0119 wspomnienie \u015bw. Wincentego a Paulo, prezbitera.<\/p>\n","protected":false},"excerpt":{"rendered":"<p>PARAFIA &nbsp;CHRYSTUSA &nbsp;KR\u00d3LA OG\u0141OSZENIA &nbsp;DUSZPASTERSKIE &nbsp;\u2013 &nbsp;XXV &nbsp;Niedziela&nbsp; Zwyk\u0142a 21 wrze\u015bnia, 2025r. 1.Dzi\u0119kujemy wszystkim, kt\u00f3rzy pomogli nam w organizowaniu obchod\u00f3w 75-lecia naszej Parafii, w szczeg\u00f3lno\u015bci tym, kt\u00f3rzy przyjacielsko po\u017cyczyli nam namioty i uratowali piknik w ogrodzie. To s\u0105: Firma Bistro Jasnog\u00f3rska z Krakowa, harcerze ZHR ze Szczepu Arkona 18 na Salwatorze oraz Kolegium Jezuit\u00f3w w [&hellip;]<\/p>\n","protected":false},"author":207,"featured_media":0,"comment_status":"closed","ping_status":"closed","sticky":false,"template":"","format":"standard","meta":{"_et_pb_use_builder":"","_et_pb_old_content":"","_et_gb_content_width":"","ngg_post_thumbnail":0,"footnotes":""},"categories":[6],"tags":[],"class_list":["post-2121","post","type-post","status-publish","format-standard","hentry","category-ogloszenia-parafialne"],"_links":{"self":[{"href":"https:\/\/przegorzaly.pl\/index.php?rest_route=\/wp\/v2\/posts\/2121","targetHints":{"allow":["GET"]}}],"collection":[{"href":"https:\/\/przegorzaly.pl\/index.php?rest_route=\/wp\/v2\/posts"}],"about":[{"href":"https:\/\/przegorzaly.pl\/index.php?rest_route=\/wp\/v2\/types\/post"}],"author":[{"embeddable":true,"href":"https:\/\/przegorzaly.pl\/index.php?rest_route=\/wp\/v2\/users\/207"}],"replies":[{"embeddable":true,"href":"https:\/\/przegorzaly.pl\/index.php?rest_route=%2Fwp%2Fv2%2Fcomments&post=2121"}],"version-history":[{"count":1,"href":"https:\/\/przegorzaly.pl\/index.php?rest_route=\/wp\/v2\/posts\/2121\/revisions"}],"predecessor-version":[{"id":2122,"href":"https:\/\/przegorzaly.pl\/index.php?rest_route=\/wp\/v2\/posts\/2121\/revisions\/2122"}],"wp:attachment":[{"href":"https:\/\/przegorzaly.pl\/index.php?rest_route=%2Fwp%2Fv2%2Fmedia&parent=2121"}],"wp:term":[{"taxonomy":"category","embeddable":true,"href":"https:\/\/przegorzaly.pl\/index.php?rest_route=%2Fwp%2Fv2%2Fcategories&post=2121"},{"taxonomy":"post_tag","embeddable":true,"href":"https:\/\/przegorzaly.pl\/index.php?rest_route=%2Fwp%2Fv2%2Ftags&post=2121"}],"curies":[{"name":"wp","href":"https:\/\/api.w.org\/{rel}","templated":true}]}}