{"id":2118,"date":"2025-09-13T11:25:03","date_gmt":"2025-09-13T09:25:03","guid":{"rendered":"https:\/\/przegorzaly.pl\/?p=2118"},"modified":"2025-09-13T11:25:03","modified_gmt":"2025-09-13T09:25:03","slug":"xxiv-niedziela-zwykla-14-wrzesnia-2025r","status":"publish","type":"post","link":"https:\/\/przegorzaly.pl\/?p=2118","title":{"rendered":"XXIV NIEDZIELA ZWYK\u0141A &#8211; 14 WRZE\u015aNIA, 2025R."},"content":{"rendered":"<p style=\"text-align: center\"><strong>PARAFIA &nbsp;CHRYSTUSA &nbsp;KR\u00d3LA<\/strong><\/p>\n<p style=\"text-align: center\"><strong>OG\u0141OSZENIA &nbsp;DUSZPASTERSKIE &nbsp;\u2013 &nbsp;XXIV &nbsp;Niedziela &nbsp;zwyk\u0142a <\/strong><\/p>\n<p style=\"text-align: center\"><strong>14 wrze\u015bnia, 2025r.<\/strong><\/p>\n<p>1.\u015awi\u0119tujemy <strong>75-lecie naszej Parafii<\/strong>. Parafia zosta\u0142a utworzona dekretem Kardyna\u0142a Adama Sapiehy w roku 1950. W zwi\u0105zku z tym zapraszamy na nast\u0119puj\u0105ce wydarzenia:<\/p>\n<p>&#8211; koncert na organy i skrzypce w dniu 13 wrze\u015bnia \u2013 w sobot\u0119 \u2013 po Mszy \u015bw. o godz. 18:00;<\/p>\n<p>&#8211; uroczyst\u0105 sum\u0119 o godz. 11:00 \u2013 w dniu 14 wrze\u015bnia \u2013 w intencji Parafii oraz wszystkich Parafian, obchodz\u0105cych w tym roku swoje 75-te urodziny, kt\u00f3rej b\u0119dzie przewodniczy\u0142 \u2013 o. Damian Mazurkiewicz SJ \u2013 Socjusz Prowincja\u0142a Prowincji Polski Po\u0142udniowej zakonu jezuit\u00f3w;<\/p>\n<p>&#8211; po uroczystej sumie odb\u0119dzie si\u0119 piknik parafialny \u2013 przewidziane liczne niespodzianki;<\/p>\n<p>&#8211; wieczorem tego samego dnia (w przysz\u0142\u0105 niedziel\u0119) zapraszamy na czuwanie uwielbieniowe po Mszy \u015bw. o godz. 18:00 \u2013 b\u0119dzie to dzi\u0119kczynienie za istnienie naszej Parafii.<\/p>\n<p>PROSIMY O WYROZUMIA\u0141O\u015a\u0106 NA PARKINGU I NIEBLOKOWANIE PARKINGU PODCZAS PIKNIKU W NIEDZIEL\u0118.<\/p>\n<p>ZACH\u0118CAMY TE\u017b, BY PRZYNIE\u015a\u0106 SWOJE CIASTO NA PIKNIK I PODZIELI\u0106 SI\u0118 Z PARAFIANAMI.<\/p>\n<p>2.Dzi\u0119kujemy za wsparcie akcji pokrywania koszt\u00f3w remontu Ko\u015bcio\u0142a. W zesz\u0142\u0105 niedziel\u0119 zebrali\u015bmy na tac\u0119 3450 z\u0142, co daje nam w sumie kwot\u0119: 160&nbsp;995, 119 EUR i 20 USD. W Ka\u017cdym tygodniu odprawiamy Msz\u0119 \u015bw. w intencji wszystkich naszych dobroczy\u0144c\u00f3w.<\/p>\n<p>3.Za tydzie\u0144 &#8211; w niedziel\u0119 \u2013 21 wrze\u015bnia &#8211; po mszy \u015bw. o godz. 11:00 b\u0119dzie <strong>spotkanie organizacyjne dla rodzic\u00f3w i dzieci przygotowuj\u0105cych si\u0119 do Pierwszej Komunii \u015bw.<\/strong> Przypominamy o wymogu uczestniczenia dzieci w lekcjach religii w klasach I, II i III.<\/p>\n<p>4.Spotkanie organizacyjne <strong>m\u0142odzie\u017cy przygotowuj\u0105cej si\u0119 do sakramentu bierzmowania<\/strong> \u2013 zar\u00f3wno z klas 7-ych jak i 8-ych &#8211; odb\u0119dzie si\u0119 w ostatni\u0105 niedziel\u0119 wrze\u015bnia (28.09), po Mszy \u015bw. o godz. 18:00. W CZWARTEK PRZYPADA \u015aWI\u0118TO \u015aW. STANIS\u0141AWA KOSTKI \u2013 PATRONA M\u0141ODZIE\u017bY I PATRONA POLSKI.<\/p>\n","protected":false},"excerpt":{"rendered":"<p>PARAFIA &nbsp;CHRYSTUSA &nbsp;KR\u00d3LA OG\u0141OSZENIA &nbsp;DUSZPASTERSKIE &nbsp;\u2013 &nbsp;XXIV &nbsp;Niedziela &nbsp;zwyk\u0142a 14 wrze\u015bnia, 2025r. 1.\u015awi\u0119tujemy 75-lecie naszej Parafii. Parafia zosta\u0142a utworzona dekretem Kardyna\u0142a Adama Sapiehy w roku 1950. W zwi\u0105zku z tym zapraszamy na nast\u0119puj\u0105ce wydarzenia: &#8211; koncert na organy i skrzypce w dniu 13 wrze\u015bnia \u2013 w sobot\u0119 \u2013 po Mszy \u015bw. o godz. 18:00; &#8211; [&hellip;]<\/p>\n","protected":false},"author":207,"featured_media":0,"comment_status":"closed","ping_status":"closed","sticky":false,"template":"","format":"standard","meta":{"_et_pb_use_builder":"","_et_pb_old_content":"","_et_gb_content_width":"","ngg_post_thumbnail":0,"footnotes":""},"categories":[6],"tags":[],"class_list":["post-2118","post","type-post","status-publish","format-standard","hentry","category-ogloszenia-parafialne"],"_links":{"self":[{"href":"https:\/\/przegorzaly.pl\/index.php?rest_route=\/wp\/v2\/posts\/2118","targetHints":{"allow":["GET"]}}],"collection":[{"href":"https:\/\/przegorzaly.pl\/index.php?rest_route=\/wp\/v2\/posts"}],"about":[{"href":"https:\/\/przegorzaly.pl\/index.php?rest_route=\/wp\/v2\/types\/post"}],"author":[{"embeddable":true,"href":"https:\/\/przegorzaly.pl\/index.php?rest_route=\/wp\/v2\/users\/207"}],"replies":[{"embeddable":true,"href":"https:\/\/przegorzaly.pl\/index.php?rest_route=%2Fwp%2Fv2%2Fcomments&post=2118"}],"version-history":[{"count":1,"href":"https:\/\/przegorzaly.pl\/index.php?rest_route=\/wp\/v2\/posts\/2118\/revisions"}],"predecessor-version":[{"id":2119,"href":"https:\/\/przegorzaly.pl\/index.php?rest_route=\/wp\/v2\/posts\/2118\/revisions\/2119"}],"wp:attachment":[{"href":"https:\/\/przegorzaly.pl\/index.php?rest_route=%2Fwp%2Fv2%2Fmedia&parent=2118"}],"wp:term":[{"taxonomy":"category","embeddable":true,"href":"https:\/\/przegorzaly.pl\/index.php?rest_route=%2Fwp%2Fv2%2Fcategories&post=2118"},{"taxonomy":"post_tag","embeddable":true,"href":"https:\/\/przegorzaly.pl\/index.php?rest_route=%2Fwp%2Fv2%2Ftags&post=2118"}],"curies":[{"name":"wp","href":"https:\/\/api.w.org\/{rel}","templated":true}]}}