{"id":2102,"date":"2025-09-06T15:42:26","date_gmt":"2025-09-06T13:42:26","guid":{"rendered":"https:\/\/przegorzaly.pl\/?p=2102"},"modified":"2025-09-06T15:44:24","modified_gmt":"2025-09-06T13:44:24","slug":"xxii-niedziela-zwykla-341-sierpnia-2025r","status":"publish","type":"post","link":"https:\/\/przegorzaly.pl\/?p=2102","title":{"rendered":"XXII Niedziela Zwyk\u0142a &#8211; 31 sierpnia, 2025r."},"content":{"rendered":"<p style=\"text-align: center\"><strong>PARAFIA &nbsp;CHRYSTUSA &nbsp;KR\u00d3LA<\/strong><\/p>\n<p style=\"text-align: center\"><strong>OG\u0141OSZENIA &nbsp;DUSZPASTERSKIE &nbsp;\u2013 &nbsp;XXII &nbsp;Niedziela &nbsp;zwyk\u0142a <\/strong><\/p>\n<p style=\"text-align: center\"><strong>31 sierpnia, 2025r.<\/strong><\/p>\n<p>1.W naszej Wsp\u00f3lnocie Jezuickiej nast\u0105pi\u0142y <strong>zmiany personalne<\/strong>: odchodz\u0105 ojcowie Marcin Pietrasina SJ oraz Czes\u0142aw Tomaszewski SJ, kt\u00f3rym dzi\u0119kujemy za dotychczasow\u0105 pos\u0142ug\u0119, natomiast przybywa do nas o. Dariusz Pi\u00f3rkowski SJ, kt\u00f3ry b\u0119dzie pe\u0142ni\u0142 funkcj\u0119 administratora naszej plac\u00f3wki, po jezuicku nazywa si\u0119 to \u201eojciec minister\u201d. \u017byczymy obfitych \u0142ask Bo\u017cych w nowym miejscu.<\/p>\n<p>2.Ko\u0144czymy akcj\u0119 \u201e<strong>Podzielnik odzie\u017cy i ksi\u0105\u017cek<\/strong>\u201d. Do niedzieli wiecz\u00f3r mo\u017cna jeszcze przynosi\u0107 i wybiera\u0107 dla siebie u\u017cywan\u0105 odzie\u017c oraz ksi\u0105\u017cki.<\/p>\n<p>3.Dzi\u015b na Mszach \u015bw. o godz. 11:00 i 18:00 b\u0119dzie mie\u0107 miejsce <strong>po\u015bwi\u0119cenie tornistr\u00f3w i przybor\u00f3w szkolnych <\/strong>dla dzieci i m\u0142odzie\u017cy. Pragniemy wspiera\u0107 modlitewnie zw\u0142aszcza tych, kt\u00f3rzy rozpoczn\u0105 sw\u00f3j pierwszy w \u017cyciu rok szkolny.<\/p>\n<p>4.W tym roku przypada <strong>75 rocznica powstania naszej Parafii<\/strong>. Pragniemy j\u0105 uczci\u0107 poprzez nast\u0119puj\u0105ce wydarzenia:<\/p>\n<p>Koncert organowy \u2013 w sobot\u0119 13 wrze\u015bnia po Mszy \u015bw. o godz. 18:00 oraz piknik parafialny \u2013 po Mszy \u015bw. o godz. 11:00 w dniu 14 wrze\u015bnia. Ktokolwiek chcia\u0142by si\u0119 w\u0142\u0105czy\u0107 w przygotowanie pikniku proszony jest o kontakt z o. Proboszczem.<\/p>\n<p>5.W zwi\u0105zku z Rokiem Jubileuszowym planujemy <strong>pielgrzymk\u0119 statkiem do Ty\u0144ca <\/strong>zwie\u0144czon\u0105 nawiedzeniem ko\u015bcio\u0142a jubileuszowego. Rozwa\u017camy jeden z weekend\u00f3w wrze\u015bniowych, jednak ostateczny termin b\u0119dzie uzale\u017cniony od zainteresowania Parafian. Zainteresowanych prosimy o kontakt: <a href=\"mailto:przegorzaly@jezuici.pl\">przegorzaly@jezuici.pl<\/a> albo telefonicznie: 573&nbsp;259&nbsp;245.<\/p>\n<p>6.W tym tygodniu przypada: <strong>pierwszy wtorek miesi\u0105ca<\/strong> \u2013 adoracja Naj\u015bwi\u0119tszego sakramentu o godz. 17:30; <strong>pierwszy pi\u0105tek miesi\u0105ca<\/strong> \u2013 odwiedziny chorych od godziny 9:00; <strong>pierwsza sobota miesi\u0105ca<\/strong> \u2013 nabo\u017ce\u0144stwo pierwszosobotnie po Mszy \u015bw. o godz. 7:30; przysz\u0142a niedziela to b\u0119dzie <strong>pierwsza niedziela miesi\u0105ca<\/strong>; taca b\u0119dzie przeznaczona na pokrycie koszt\u00f3w remontu Ko\u015bcio\u0142a, przed Msz\u0105 \u015bw. o godz. 9:00 odm\u00f3wimy Koronk\u0119 do Bo\u017cego Mi\u0142osierdzia; Po Mszy \u015bw. om\u00f3wimy intencje Apostolstwa Modlitwy.<\/p>\n<p>7.W przysz\u0142\u0105 niedziel\u0119 &#8211; 07.09 na terenie dawnej Strzelnicy Garnizonowej na Woli Justowskiej (ul. Kr\u00f3lowej Jadwigi 220) odb\u0119dzie si\u0119 festyn pt. &#8222;<strong>\u015awi\u0119to Dzielnicy VII Zwierzyniec<\/strong>&#8222;. W godzinach 15:00-19:00 dost\u0119pna b\u0119dzie szeroka oferta rodzinnych zabaw i warsztat\u00f3w. W godzinach 19:00-21:00 zaplanowana jest zabawa taneczna z DJ-em. Wst\u0119p wolny.<\/p>\n","protected":false},"excerpt":{"rendered":"<p>PARAFIA &nbsp;CHRYSTUSA &nbsp;KR\u00d3LA OG\u0141OSZENIA &nbsp;DUSZPASTERSKIE &nbsp;\u2013 &nbsp;XXII &nbsp;Niedziela &nbsp;zwyk\u0142a 31 sierpnia, 2025r. 1.W naszej Wsp\u00f3lnocie Jezuickiej nast\u0105pi\u0142y zmiany personalne: odchodz\u0105 ojcowie Marcin Pietrasina SJ oraz Czes\u0142aw Tomaszewski SJ, kt\u00f3rym dzi\u0119kujemy za dotychczasow\u0105 pos\u0142ug\u0119, natomiast przybywa do nas o. Dariusz Pi\u00f3rkowski SJ, kt\u00f3ry b\u0119dzie pe\u0142ni\u0142 funkcj\u0119 administratora naszej plac\u00f3wki, po jezuicku nazywa si\u0119 to \u201eojciec minister\u201d. [&hellip;]<\/p>\n","protected":false},"author":207,"featured_media":0,"comment_status":"closed","ping_status":"closed","sticky":false,"template":"","format":"standard","meta":{"_et_pb_use_builder":"","_et_pb_old_content":"","_et_gb_content_width":"","ngg_post_thumbnail":0,"footnotes":""},"categories":[6],"tags":[],"class_list":["post-2102","post","type-post","status-publish","format-standard","hentry","category-ogloszenia-parafialne"],"_links":{"self":[{"href":"https:\/\/przegorzaly.pl\/index.php?rest_route=\/wp\/v2\/posts\/2102","targetHints":{"allow":["GET"]}}],"collection":[{"href":"https:\/\/przegorzaly.pl\/index.php?rest_route=\/wp\/v2\/posts"}],"about":[{"href":"https:\/\/przegorzaly.pl\/index.php?rest_route=\/wp\/v2\/types\/post"}],"author":[{"embeddable":true,"href":"https:\/\/przegorzaly.pl\/index.php?rest_route=\/wp\/v2\/users\/207"}],"replies":[{"embeddable":true,"href":"https:\/\/przegorzaly.pl\/index.php?rest_route=%2Fwp%2Fv2%2Fcomments&post=2102"}],"version-history":[{"count":2,"href":"https:\/\/przegorzaly.pl\/index.php?rest_route=\/wp\/v2\/posts\/2102\/revisions"}],"predecessor-version":[{"id":2104,"href":"https:\/\/przegorzaly.pl\/index.php?rest_route=\/wp\/v2\/posts\/2102\/revisions\/2104"}],"wp:attachment":[{"href":"https:\/\/przegorzaly.pl\/index.php?rest_route=%2Fwp%2Fv2%2Fmedia&parent=2102"}],"wp:term":[{"taxonomy":"category","embeddable":true,"href":"https:\/\/przegorzaly.pl\/index.php?rest_route=%2Fwp%2Fv2%2Fcategories&post=2102"},{"taxonomy":"post_tag","embeddable":true,"href":"https:\/\/przegorzaly.pl\/index.php?rest_route=%2Fwp%2Fv2%2Ftags&post=2102"}],"curies":[{"name":"wp","href":"https:\/\/api.w.org\/{rel}","templated":true}]}}