{"id":2000,"date":"2025-04-26T17:18:23","date_gmt":"2025-04-26T15:18:23","guid":{"rendered":"https:\/\/przegorzaly.pl\/?p=2000"},"modified":"2025-04-27T08:58:46","modified_gmt":"2025-04-27T06:58:46","slug":"niedziela-milosierdzia-27-kwietnia-2025r","status":"publish","type":"post","link":"https:\/\/przegorzaly.pl\/?p=2000","title":{"rendered":"Niedziela Mi\u0142osierdzia &#8211; 27 kwietnia, 2025r."},"content":{"rendered":"<p style=\"text-align: center\"><strong>PARAFIA&nbsp; CHRYSTUSA&nbsp; KR\u00d3LA<\/strong><\/p>\n<p style=\"text-align: center\"><strong>OG\u0141OSZENIA&nbsp; DUSZPASTERSKIE \u2013 Niedziela Mi\u0142osierdzia <\/strong><\/p>\n<p style=\"text-align: center\"><strong>27 kwietnia, 2025r.<\/strong><\/p>\n<p><strong>&nbsp;<\/strong>1.<strong>Dzi\u0119kujemy serdecznie wszystkim Parafianom i Przyjacio\u0142om<\/strong> za wsp\u00f3lne prze\u017cywanie i \u015bwi\u0119towanie Uroczysto\u015bci Zmartwychwstania Pa\u0144skiego. Dzi\u0119kujemy za liczn\u0105 obecno\u015b\u0107 i zaanga\u017cowanie w liturgi\u0119. Dzi\u015b obchodzimy Niedziel\u0119 Mi\u0142osierdzia Bo\u017cego \u2013 Uroczysto\u015b\u0107 ta zosta\u0142a ustanowiona przez Papie\u017ca Jana Paw\u0142a II za spraw\u0105 objawie\u0144 \u015bw. Faustyny Kowalskiej, w czasie kt\u00f3rych sam Jezus prosi\u0142 o to \u015bwi\u0119to.<\/p>\n<p>2.Za tydzie\u0144 <strong>pierwsza niedziela miesi\u0105ca<\/strong>. Przed Msz\u0105 \u015bw. o godz. 9:00 odm\u00f3wimy Koronk\u0119 do Bo\u017cego Mi\u0142osierdzia, za\u015b po tej mszy \u015bw. om\u00f3wimy intencje Apostolstwa Modlitwy oraz wymienimy tajemnice \u017cywego r\u00f3\u017ca\u0144ca. Taca b\u0119dzie przeznaczona na pokrycie koszt\u00f3w remontu naszego ko\u015bcio\u0142a. Mo\u017cna te\u017c wp\u0142aca\u0107 ofiary na nasze parafialne konto bankowe. Nr konta podany jest w gablocie i na naszej stronie internetowej: 48 1240 2294 1111 0000 3723 9046. Ka\u017cdego tygodnia odprawiamy Msz\u0119 \u015bw. w intencji naszych dobroczy\u0144c\u00f3w.&nbsp;<\/p>\n<p>3.Dzi\u015b spotkanie m\u0142odzie\u017cy <strong>przygotowuj\u0105cej si\u0119 do bierzmowania<\/strong> z klas 8-ych o godz. 10:00, za\u015b spotkanie m\u0142odzie\u017cy z klas 7-ych o godz. 16:00.<\/p>\n<p>4.W miesi\u0105cu maju zapraszamy na <strong>nabo\u017ce\u0144stwa majowe<\/strong> \u2013 po ka\u017cdej Mszy \u015bw. o godz. 18:00.<\/p>\n<p>5.W tym tygodniu wypada <strong>pierwszy pi\u0105tek miesi\u0105ca<\/strong>. Z uwagi na d\u0142ugi \u015bwi\u0105teczny weekend odwiedziny chorych przenosimy na drugi pi\u0105tek miesi\u0105ca (godz. 9:00).<\/p>\n<p>6.Organizujemy seri\u0119 spotka\u0144 na temat <strong>komunikacji empatycznej<\/strong> pod has\u0142em: <strong>Mi\u0142uj bli\u017aniego swego \u2013 jak to robi\u0107 krok po kroku<\/strong>. Pierwsze spotkania odbywaj\u0105 si\u0119 bezp\u0142atnie w ramach promocji. Spotkania odbywaj\u0105 si\u0119 w pierwsze i trzecie pi\u0105tki miesi\u0105ca o godz. 19:00. W najbli\u017cszym czasie chcemy zorganizowa\u0107 warsztaty dla mam pt. \u201e<strong>Matka c\u00f3rce\u201d<\/strong> \u2013 jak rozmawia\u0107 z dziewcz\u0119tami o problemach zwi\u0105zanych z dojrzewaniem. Zaj\u0119cia b\u0119d\u0105 p\u0142atne 260 z\u0142 za 6 godzin, czyli 43 z\u0142 za godzin\u0119. Zapisy u o. Proboszcza albo e-mailowo (<a href=\"mailto:przegorzaly@jezuici.pl\">przegorzaly@jezuici.pl<\/a>)<\/p>\n<p>7.Ojciec Proboszcz prosi o zg\u0142aszanie propozycji zorganizowania <strong>o\u0142tarzy na procesj\u0119 Bo\u017cego Cia\u0142a<\/strong>. W tym roku procesja skr\u0119ca w kierunku Skweru Heleny i Romana Husarskich. P\u00f3\u017aniej mo\u017ce i\u015b\u0107 w kierunku ul. Kamedulskiej albo Przegorzalskiej.<\/p>\n<p>8.<strong>Kalendarz Liturgiczny<\/strong>: w poniedzia\u0142ek &#8211; Uroczysto\u015b\u0107 \u015bw. Wojciecha \u2013 Biskupa i M\u0119czennika i G\u0142\u00f3wnego Patrona Polski, we wtorek \u2013 \u015bwi\u0119to Katarzyny Siene\u0144skiej &#8211; Dziewicy i Doktora Ko\u015bcio\u0142a, Patronki Europy; w sobot\u0119 &#8211; NMP Kr\u00f3lowej Polski \u2013 G\u0142\u00f3wnej Patronki Polski \u2013 Msze \u015bw. w tym dniu o godz. 7:30, 9:00 i 18:00.<\/p>\n<p>9.W tym tygodniu zmar\u0142a nasza Parafianka \u015b.p. Maria Og\u00f3rek. Pogrzeb odby\u0142 si\u0119 w pi\u0105tek na Cmentarzy Salwatorskim. <em>Wieczny odpoczynek racz jej da\u0107 Panie\u2026<\/em><\/p>\n","protected":false},"excerpt":{"rendered":"<p>PARAFIA&nbsp; CHRYSTUSA&nbsp; KR\u00d3LA OG\u0141OSZENIA&nbsp; DUSZPASTERSKIE \u2013 Niedziela Mi\u0142osierdzia 27 kwietnia, 2025r. &nbsp;1.Dzi\u0119kujemy serdecznie wszystkim Parafianom i Przyjacio\u0142om za wsp\u00f3lne prze\u017cywanie i \u015bwi\u0119towanie Uroczysto\u015bci Zmartwychwstania Pa\u0144skiego. Dzi\u0119kujemy za liczn\u0105 obecno\u015b\u0107 i zaanga\u017cowanie w liturgi\u0119. Dzi\u015b obchodzimy Niedziel\u0119 Mi\u0142osierdzia Bo\u017cego \u2013 Uroczysto\u015b\u0107 ta zosta\u0142a ustanowiona przez Papie\u017ca Jana Paw\u0142a II za spraw\u0105 objawie\u0144 \u015bw. Faustyny Kowalskiej, w [&hellip;]<\/p>\n","protected":false},"author":207,"featured_media":0,"comment_status":"closed","ping_status":"closed","sticky":false,"template":"","format":"standard","meta":{"_et_pb_use_builder":"","_et_pb_old_content":"","_et_gb_content_width":"","ngg_post_thumbnail":0,"footnotes":""},"categories":[6],"tags":[],"class_list":["post-2000","post","type-post","status-publish","format-standard","hentry","category-ogloszenia-parafialne"],"_links":{"self":[{"href":"https:\/\/przegorzaly.pl\/index.php?rest_route=\/wp\/v2\/posts\/2000","targetHints":{"allow":["GET"]}}],"collection":[{"href":"https:\/\/przegorzaly.pl\/index.php?rest_route=\/wp\/v2\/posts"}],"about":[{"href":"https:\/\/przegorzaly.pl\/index.php?rest_route=\/wp\/v2\/types\/post"}],"author":[{"embeddable":true,"href":"https:\/\/przegorzaly.pl\/index.php?rest_route=\/wp\/v2\/users\/207"}],"replies":[{"embeddable":true,"href":"https:\/\/przegorzaly.pl\/index.php?rest_route=%2Fwp%2Fv2%2Fcomments&post=2000"}],"version-history":[{"count":2,"href":"https:\/\/przegorzaly.pl\/index.php?rest_route=\/wp\/v2\/posts\/2000\/revisions"}],"predecessor-version":[{"id":2002,"href":"https:\/\/przegorzaly.pl\/index.php?rest_route=\/wp\/v2\/posts\/2000\/revisions\/2002"}],"wp:attachment":[{"href":"https:\/\/przegorzaly.pl\/index.php?rest_route=%2Fwp%2Fv2%2Fmedia&parent=2000"}],"wp:term":[{"taxonomy":"category","embeddable":true,"href":"https:\/\/przegorzaly.pl\/index.php?rest_route=%2Fwp%2Fv2%2Fcategories&post=2000"},{"taxonomy":"post_tag","embeddable":true,"href":"https:\/\/przegorzaly.pl\/index.php?rest_route=%2Fwp%2Fv2%2Ftags&post=2000"}],"curies":[{"name":"wp","href":"https:\/\/api.w.org\/{rel}","templated":true}]}}