{"id":1995,"date":"2025-04-12T22:31:59","date_gmt":"2025-04-12T20:31:59","guid":{"rendered":"https:\/\/przegorzaly.pl\/?p=1995"},"modified":"2025-04-12T22:31:59","modified_gmt":"2025-04-12T20:31:59","slug":"niedziela-palmowa-13-kwietnia-2025r","status":"publish","type":"post","link":"https:\/\/przegorzaly.pl\/?p=1995","title":{"rendered":"Niedziela Palmowa &#8211; 13 kwietnia, 2025r."},"content":{"rendered":"<p style=\"text-align: center\"><strong>PARAFIA &nbsp;CHRYSTUSA &nbsp;KR\u00d3LA<\/strong><\/p>\n<p style=\"text-align: center\"><strong>OG\u0141OSZENIA &nbsp;DUSZPASTERSKIE &nbsp;\u2013 &nbsp;Niedziela Palmowa (13 kwietnia, &nbsp;2025r.)<\/strong><\/p>\n<p>1.Wielki Tydzie\u0144 otwiera Niedziela Palmowa. Nazwa tego dnia pochodzi od wprowadzonego w XI w. zwyczaju \u015bwi\u0119cenia palm. Liturgia bowiem wspomina uroczysty wjazd Jezusa do Jerozolimy, bezpo\u015brednio poprzedzaj\u0105cy Jego m\u0119k\u0119 i \u015bmier\u0107 na krzy\u017cu.<\/p>\n<p>2.Zapraszamy na Nabo\u017ce\u0144stwo Gorzkich \u017bali o godzinie 17.15.<\/p>\n<p>3.W zakrystii mo\u017cna naby\u0107 baranki wielkanocne, rozprowadzane przez Caritas Archidiecezji Krakowskiej. Z ty\u0142u ko\u015bcio\u0142a studenci jezuickiego duszpasterstwa akademickiego WAJ rozprowadzaj\u0105 palmy, ozdoby \u015bwi\u0105teczne oraz w\u0142asnor\u0119cznie wykonane kartki metod\u0105 linorytu. Zebrane ofiary zostan\u0105 przeznaczone na letni wyjazd misyjny do Zambii. Dzi\u0119kujemy za wsparcie tej inicjatywy.<\/p>\n<p>4.W dniu dzisiejszym odbywaj\u0105 si\u0119 spotkania m\u0142odzie\u017cy przygotowuj\u0105cej si\u0119 do sakramentu bierzmowania: z klas 8-ych o godz. 10:00, za\u015b z klas 7-ych o godz. 16:30.<\/p>\n<p>5.W zakrystii mo\u017cna zg\u0142osi\u0107 ch\u0119\u0107 udzia\u0142u w obs\u0142udze liturgicznej Triduum Paschalnego \u2013 czytania liturgiczne, \u015bpiewanie psalm\u00f3w, procesja z darami, pomoc w przeprowadzeniu procesji rezurekcyjnej. Zach\u0119camy do w\u0142\u0105czenia si\u0119 w akcj\u0119 liturgiczn\u0105.<\/p>\n<p>6.W Wielkim Tygodniu od poniedzia\u0142ku do soboty w\u0142\u0105cznie okazja do spowiedzi \u015bwi\u0119tej p\u00f3\u0142 godziny przed liturgi\u0105 wieczorn\u0105, za\u015b od poniedzia\u0142ku do \u015brody r\u00f3wnie\u017c podczas Mszy \u015bw. porannej o godz. 7:30 . W pierwszy i drugi dzie\u0144 \u015awi\u0105t Wielkanocnych nie spowiadamy.<\/p>\n<p>7.W WIELKI CZWARTEK \u2013 MSZ\u0104 \u015aWI\u0118T\u0104 WIECZERZY PA\u0143SKIEJ O GODZINIE 18.00 rozpoczynamy celebracj\u0119 \u015aWI\u0118TEGO TRIDUUM PASCHALNEGO. Po Mszy \u015bwi\u0119tej Gorzkie \u017bale i Adoracja Pana Jezusa w Ciemnicy do godziny 20.00. W tym dniu nie ma Mszy \u015bwi\u0119tej porannej.<\/p>\n<p>8.W WIELKI PI\u0104TEK M\u0118KI PA\u0143SKIEJ \u2013 Nabo\u017ce\u0144stwo Drogi Krzy\u017cowej i Koronka do Mi\u0142osierdzia Bo\u017cego o godzinie 15.00. Bezpo\u015brednio po Drodze Krzy\u017cowej b\u0119dzie projekcja filmu \u201eDzieci Golgoty\u201d inscenizacja M\u0119ki Pa\u0144skiej w re\u017cyserii o. Przemys\u0142awa Wysogl\u0105da \u2013 przy udziale jezuit\u00f3w oraz m\u0142odych ludzi z Krakowa, Lublina i Opola. &nbsp;LITURGIA M\u0118KI PA\u0143SKIEJ O GODZINIE 18.00. Bezpo\u015brednio po niej Gorzkie \u017bale i Adoracja Pana Jezusa w Grobie do godziny 21.00. Przypominamy, \u017ce wszystkich, mi\u0119dzy osiemnastym a sze\u015b\u0107dziesi\u0105tym rokiem \u017cycia, w Wielki Pi\u0105tek obowi\u0105zuje post, natomiast wszystkich, kt\u00f3rzy uko\u0144czyli czternasty rok \u017cycia, obowi\u0105zuje wstrzemi\u0119\u017aliwo\u015b\u0107 od pokarm\u00f3w mi\u0119snych.<\/p>\n<p>9.\u015awi\u0119cenie pokarm\u00f3w w Wielk\u0105 Sobot\u0119 od godziny 10.00 do 14.00, co p\u00f3\u0142 godziny.<\/p>\n<p>10.LITURGIA WIGILII PASCHALNEJ W WIELK\u0104 SOBOT\u0118 ROZPOCZNIE SI\u0118 O GODZINIE 19.00&nbsp; i zako\u0144czy si\u0119 procesj\u0105 rezurekcyjn\u0105. Prosimy o przyniesienie ze sob\u0105 \u015bwiec. Pami\u0119tajmy r\u00f3wnie\u017c w ci\u0105gu dnia o Adoracji Pana Jezusa w Grobie.<\/p>\n<p>11.Dzi\u0119kujemy za ubieg\u0142otygodniowe wsparcie akcji pokrywania koszt\u00f3w remontu ko\u015bcio\u0142a. W zesz\u0142\u0105 niedziel\u0119 zebrali\u015bmy na tac\u0119: 4180 z\u0142, co daje nam ca\u0142o\u015bciow\u0105 kwot\u0119: 140&nbsp;490 z\u0142, 114 EUR i 20 USD. Dzisiejsza taca przeznaczona jest na zakup kwiat\u00f3w do grobu Pa\u0144skiego i na \u015bwi\u0105teczn\u0105 dekoracj\u0119 naszego ko\u015bcio\u0142a. Ka\u017cdego tygodnia odprawiamy Msze \u015bw. w intencji naszych darczy\u0144c\u00f3w.<\/p>\n<p>12.W tym roku procesja Bo\u017cego Cia\u0142a p\u00f3jdzie w kierunku ul. Kamedulskiej. Ojciec Proboszcz prosi o kontakt osoby ch\u0119tne do przygotowania o\u0142tarzy na trasie procesji.<\/p>\n<p>Wszystkim \u017cyczymy dobrego prze\u017cycia Wydarze\u0144 Wielkiego Tygodnia!<\/p>\n","protected":false},"excerpt":{"rendered":"<p>PARAFIA &nbsp;CHRYSTUSA &nbsp;KR\u00d3LA OG\u0141OSZENIA &nbsp;DUSZPASTERSKIE &nbsp;\u2013 &nbsp;Niedziela Palmowa (13 kwietnia, &nbsp;2025r.) 1.Wielki Tydzie\u0144 otwiera Niedziela Palmowa. Nazwa tego dnia pochodzi od wprowadzonego w XI w. zwyczaju \u015bwi\u0119cenia palm. Liturgia bowiem wspomina uroczysty wjazd Jezusa do Jerozolimy, bezpo\u015brednio poprzedzaj\u0105cy Jego m\u0119k\u0119 i \u015bmier\u0107 na krzy\u017cu. 2.Zapraszamy na Nabo\u017ce\u0144stwo Gorzkich \u017bali o godzinie 17.15. 3.W zakrystii mo\u017cna [&hellip;]<\/p>\n","protected":false},"author":207,"featured_media":0,"comment_status":"closed","ping_status":"closed","sticky":false,"template":"","format":"standard","meta":{"_et_pb_use_builder":"","_et_pb_old_content":"","_et_gb_content_width":"","ngg_post_thumbnail":0,"footnotes":""},"categories":[6],"tags":[],"class_list":["post-1995","post","type-post","status-publish","format-standard","hentry","category-ogloszenia-parafialne"],"_links":{"self":[{"href":"https:\/\/przegorzaly.pl\/index.php?rest_route=\/wp\/v2\/posts\/1995","targetHints":{"allow":["GET"]}}],"collection":[{"href":"https:\/\/przegorzaly.pl\/index.php?rest_route=\/wp\/v2\/posts"}],"about":[{"href":"https:\/\/przegorzaly.pl\/index.php?rest_route=\/wp\/v2\/types\/post"}],"author":[{"embeddable":true,"href":"https:\/\/przegorzaly.pl\/index.php?rest_route=\/wp\/v2\/users\/207"}],"replies":[{"embeddable":true,"href":"https:\/\/przegorzaly.pl\/index.php?rest_route=%2Fwp%2Fv2%2Fcomments&post=1995"}],"version-history":[{"count":1,"href":"https:\/\/przegorzaly.pl\/index.php?rest_route=\/wp\/v2\/posts\/1995\/revisions"}],"predecessor-version":[{"id":1996,"href":"https:\/\/przegorzaly.pl\/index.php?rest_route=\/wp\/v2\/posts\/1995\/revisions\/1996"}],"wp:attachment":[{"href":"https:\/\/przegorzaly.pl\/index.php?rest_route=%2Fwp%2Fv2%2Fmedia&parent=1995"}],"wp:term":[{"taxonomy":"category","embeddable":true,"href":"https:\/\/przegorzaly.pl\/index.php?rest_route=%2Fwp%2Fv2%2Fcategories&post=1995"},{"taxonomy":"post_tag","embeddable":true,"href":"https:\/\/przegorzaly.pl\/index.php?rest_route=%2Fwp%2Fv2%2Ftags&post=1995"}],"curies":[{"name":"wp","href":"https:\/\/api.w.org\/{rel}","templated":true}]}}