{"id":1968,"date":"2025-04-05T19:44:41","date_gmt":"2025-04-05T17:44:41","guid":{"rendered":"https:\/\/przegorzaly.pl\/?p=1968"},"modified":"2025-04-05T19:44:41","modified_gmt":"2025-04-05T17:44:41","slug":"v-niedziela-wielkiego-postu-6-kwietnia-2025r","status":"publish","type":"post","link":"https:\/\/przegorzaly.pl\/?p=1968","title":{"rendered":"V Niedziela Wielkiego Postu &#8211; 6 kwietnia, 2025r."},"content":{"rendered":"<p style=\"text-align: center\"><strong>PARAFIA&nbsp; CHRYSTUSA&nbsp; KR\u00d3LA<\/strong><\/p>\n<p style=\"text-align: center\"><strong>OG\u0141OSZENIA&nbsp; DUSZPASTERSKIE \u2013 V Niedziela Wielkiego Postu <\/strong><\/p>\n<p style=\"text-align: center\"><strong>6 kwietnia, 2025r.<\/strong><\/p>\n<p>1.Dzi\u0119kujemy za wsparcie kwesty na rzecz <strong>poszkodowanych przez wojn\u0119 na Ukrain\u0119<\/strong>. W zesz\u0142\u0105 niedziel\u0119 zebrali\u015bmy 4235 z\u0142.<\/p>\n<p>2.Dzi\u015b <strong>pierwsza niedziela miesi\u0105ca<\/strong>. Przed Msz\u0105 \u015bw. o godz. 9:00 odm\u00f3wimy Koronk\u0119 do Bo\u017cego Mi\u0142osierdzia, za\u015b po tej mszy \u015bw. om\u00f3wimy intencje Apostolstwa Modlitwy oraz wymienimy tajemnice \u017cywego r\u00f3\u017ca\u0144ca. Dzisiejsza taca jest przeznaczona na pokrycie koszt\u00f3w remontu naszego ko\u015bcio\u0142a. Mo\u017cna te\u017c wp\u0142aca\u0107 ofiary na nasze parafialne konto bankowe. Nr konta podany jest w gablocie i na naszej stronie internetowej:<\/p>\n<p>48 1240 2294 1111 0000 3723 9046<\/p>\n<p>Ka\u017cdego tygodnia odprawiamy Msz\u0119 \u015bw. w intencji naszych dobroczy\u0144c\u00f3w.&nbsp;<\/p>\n<p>3.Zach\u0119camy do g\u0142\u0119bokiego prze\u017cycia okresu <strong>Wielkiego Postu<\/strong>:<\/p>\n<p>&#8211; do skorzystania z r\u00f3\u017cnych ofert rekolekcji wielkopostnych;<\/p>\n<p>&#8211; do skorzystania z ofert adoracji Naj\u015bwi\u0119tszego Sakramentu (u nas w ka\u017cdy pierwszy wtorek miesi\u0105ca o godz. 17:30, w gablocie wisi lista krakowskich ko\u015bcio\u0142\u00f3w stacyjnych, w kt\u00f3rych odbywa si\u0119 wieczorna adoracja);<\/p>\n<p>&#8211; do skorzystania z sakramentu spowiedzi;<\/p>\n<p>&#8211; do udzia\u0142u w nabo\u017ce\u0144stwach Drogi Krzy\u017cowej (u nas: w ka\u017cdy pi\u0105tek o godz. 17:30 oraz w nabo\u017ce\u0144stwach Gorzkich \u017bali (u nas: w ka\u017cd\u0105 niedziel\u0119 o godz. 17:15, w tym roku kazania pasyjne g\u0142osi o. Przemys\u0142aw Wysogl\u0105d SJ);<\/p>\n<p>&#8211; zach\u0119camy r\u00f3wnie\u017c do r\u00f3\u017cnych uczynk\u00f3w mi\u0142osierdzia.<\/p>\n<p>4.W zakrystii mo\u017cna nabywa\u0107 <strong>baranki wielkanocne<\/strong>.<\/p>\n<p>5.Za tydzie\u0144 <strong>Niedziela Palmowa<\/strong>: podczas wszystkich Mszy \u015bw. b\u0119dzie po\u015bwi\u0119cenie palm oraz odczytanie opisu M\u0119ki Pa\u0144skiej. M\u0142odzie\u017c z Duszpasterstwa Akademickiego WAJ przeprowadzi akcj\u0119 sprzeda\u017cy <strong>zrobionych r\u0119cznie palm i kartek \u015bwi\u0105tecznych<\/strong>, aby zebra\u0107 \u015brodki na wyjazd misyjny do Zambii.<\/p>\n<p>6.W zakrystii mo\u017cna zg\u0142osi\u0107 <strong>ch\u0119\u0107 udzia\u0142u w obs\u0142udze liturgicznej Triduum Paschalnego<\/strong> \u2013 czytania liturgiczne, \u015bpiewanie psalm\u00f3w, procesja z darami, pomoc w przeprowadzeniu procesji rezurekcyjnej. Zach\u0119camy do w\u0142\u0105czenia si\u0119 w akcj\u0119 liturgiczn\u0105.<\/p>\n<p>7.W przysz\u0142\u0105 niedziel\u0119 b\u0119dziemy sk\u0142ada\u0107 na tac\u0119 ofiary <strong>na kwiaty do Bo\u017cego Grobu<\/strong> oraz na \u015bwi\u0105teczn\u0105 dekoracj\u0119 naszego ko\u015bcio\u0142a.<\/p>\n","protected":false},"excerpt":{"rendered":"<p>PARAFIA&nbsp; CHRYSTUSA&nbsp; KR\u00d3LA OG\u0141OSZENIA&nbsp; DUSZPASTERSKIE \u2013 V Niedziela Wielkiego Postu 6 kwietnia, 2025r. 1.Dzi\u0119kujemy za wsparcie kwesty na rzecz poszkodowanych przez wojn\u0119 na Ukrain\u0119. W zesz\u0142\u0105 niedziel\u0119 zebrali\u015bmy 4235 z\u0142. 2.Dzi\u015b pierwsza niedziela miesi\u0105ca. Przed Msz\u0105 \u015bw. o godz. 9:00 odm\u00f3wimy Koronk\u0119 do Bo\u017cego Mi\u0142osierdzia, za\u015b po tej mszy \u015bw. om\u00f3wimy intencje Apostolstwa Modlitwy oraz [&hellip;]<\/p>\n","protected":false},"author":207,"featured_media":0,"comment_status":"closed","ping_status":"closed","sticky":false,"template":"","format":"standard","meta":{"_et_pb_use_builder":"","_et_pb_old_content":"","_et_gb_content_width":"","ngg_post_thumbnail":0,"footnotes":""},"categories":[6],"tags":[],"class_list":["post-1968","post","type-post","status-publish","format-standard","hentry","category-ogloszenia-parafialne"],"_links":{"self":[{"href":"https:\/\/przegorzaly.pl\/index.php?rest_route=\/wp\/v2\/posts\/1968","targetHints":{"allow":["GET"]}}],"collection":[{"href":"https:\/\/przegorzaly.pl\/index.php?rest_route=\/wp\/v2\/posts"}],"about":[{"href":"https:\/\/przegorzaly.pl\/index.php?rest_route=\/wp\/v2\/types\/post"}],"author":[{"embeddable":true,"href":"https:\/\/przegorzaly.pl\/index.php?rest_route=\/wp\/v2\/users\/207"}],"replies":[{"embeddable":true,"href":"https:\/\/przegorzaly.pl\/index.php?rest_route=%2Fwp%2Fv2%2Fcomments&post=1968"}],"version-history":[{"count":1,"href":"https:\/\/przegorzaly.pl\/index.php?rest_route=\/wp\/v2\/posts\/1968\/revisions"}],"predecessor-version":[{"id":1969,"href":"https:\/\/przegorzaly.pl\/index.php?rest_route=\/wp\/v2\/posts\/1968\/revisions\/1969"}],"wp:attachment":[{"href":"https:\/\/przegorzaly.pl\/index.php?rest_route=%2Fwp%2Fv2%2Fmedia&parent=1968"}],"wp:term":[{"taxonomy":"category","embeddable":true,"href":"https:\/\/przegorzaly.pl\/index.php?rest_route=%2Fwp%2Fv2%2Fcategories&post=1968"},{"taxonomy":"post_tag","embeddable":true,"href":"https:\/\/przegorzaly.pl\/index.php?rest_route=%2Fwp%2Fv2%2Ftags&post=1968"}],"curies":[{"name":"wp","href":"https:\/\/api.w.org\/{rel}","templated":true}]}}