{"id":1910,"date":"2025-03-15T20:45:18","date_gmt":"2025-03-15T19:45:18","guid":{"rendered":"https:\/\/przegorzaly.pl\/?p=1910"},"modified":"2025-03-15T20:45:18","modified_gmt":"2025-03-15T19:45:18","slug":"ii-niedziela-wielkopostna-16-marca-2025r","status":"publish","type":"post","link":"https:\/\/przegorzaly.pl\/?p=1910","title":{"rendered":"II Niedziela Wielkopostna &#8211; 16 marca, 2025r."},"content":{"rendered":"<p style=\"text-align: center\"><strong>PARAFIA&nbsp; CHRYSTUSA&nbsp; KR\u00d3LA<\/strong><\/p>\n<p style=\"text-align: center\"><strong>OG\u0141OSZENIA&nbsp; DUSZPASTERSKIE \u2013 II Niedziela Wielkiego Postu <\/strong><\/p>\n<p style=\"text-align: center\"><strong>16 marca, 2025r.<\/strong><\/p>\n<p>&nbsp;<\/p>\n<p>1.<strong>Dzi\u015b Niedziela ad gentes &#8211; <\/strong>Dzie\u0144 Modlitwy, Postu i Solidarno\u015bci z Misjonarzami. Modlimy si\u0119 szczeg\u00f3lnie w intencji misji na ca\u0142ym \u015bwiecie.<\/p>\n<p>2.Dzi\u015b spotkanie rodzic\u00f3w i dzieci <strong>przygotowuj\u0105cych si\u0119 do Pierwszej Komunii \u015bw.<\/strong> \u2013 po Mszy \u015bw. o godz. 11:00 oraz spotkanie dla m\u0142odzie\u017cy przygotowuj\u0105cej si\u0119 do bierzmowania z klas 7-ych o godz. 16:30.<\/p>\n<p>3.<strong>W okresie Wielkiego Postu<\/strong> zapraszamy na nabo\u017ce\u0144stwa Drogi Krzy\u017cowej \u2013 w ka\u017cdy pi\u0105tek o godz. 17:30 oraz na nabo\u017ce\u0144stwa Gorzkich \u017bali \u2013 w ka\u017cd\u0105 niedziel\u0119 o godz. 17:15. W tym roku kazania pasyjne g\u0142osi o. Przemys\u0142aw Wysogl\u0105d SJ.<\/p>\n<p>4.Organizujemy seri\u0119 spotka\u0144 na temat <strong>komunikacji empatycznej<\/strong> pod has\u0142em: <strong>Mi\u0142uj bli\u017aniego swego \u2013 jak to robi\u0107 krok po kroku<\/strong>. Pierwsze spotkania odbywaj\u0105 si\u0119 bezp\u0142atnie w ramach promocji. Spotkania odbywaj\u0105 si\u0119 w pierwsze i trzecie pi\u0105tki miesi\u0105ca o godz. 19:00.<\/p>\n<p>5.W dniu 25 marca \u2013 w Uroczysto\u015b\u0107 Zwiastowania Pa\u0144skiego &#8211; b\u0119dzie mo\u017cliwo\u015b\u0107 z\u0142o\u017cenia duchowej adopcji dziecka pocz\u0119tego.<\/p>\n<p>6.Za dwa tygodnie \u2013 w niedziel\u0119 30 marca b\u0119dziemy go\u015bci\u0107 o. Vitaliya Osmolovskiego \u2013 jezuit\u0119 z Ukrainy, kt\u00f3ry wyg\u0142osi seri\u0119 kaza\u0144 i zorganizuje <strong>kwest\u0119 na rzecz poszkodowanych przez wojn\u0119<\/strong>.<\/p>\n<p>7.Po \u015bwi\u0119tach Wielkanocnych chcemy zorganizowa\u0107 warsztaty dla mam pt. \u201e<strong>Matka c\u00f3rce\u201d<\/strong> \u2013 jak rozmawia\u0107 z dziewcz\u0119tami o problemach zwi\u0105zanych z dojrzewaniem. Zaj\u0119cia b\u0119d\u0105 p\u0142atne 260 z\u0142 za 6 godzin, czyli 43 z\u0142 za godzin\u0119. Zapisy u o. Proboszcza albo e-mailowo (<a href=\"mailto:przegorzaly@jezuici.pl\">przegorzaly@jezuici.pl<\/a>).<\/p>\n<p>8.<strong>Og\u0142oszenie samorz\u0105dowe<\/strong>: w najbli\u017cszy wtorek 18.03.2025 r. o godz. 18.00 na sali gimnastycznej Zespo\u0142u Szk\u00f3\u0142 Og\u00f3lnokszta\u0142c\u0105cych nr 18 (Szko\u0142a Podstawowa nr 19) przy ul. Senatorskiej 35 odb\u0119dzie si\u0119 zwierzyniecka ods\u0142ona spotkania z cyklu \u201e\u0141awka Dialogu\u201d z Prezydentem Miasta Krakowa Aleksandrem Miszalskim. Natomiast dzi\u015b (w niedziel\u0119 16.03) odbywaj\u0105 si\u0119 w zachodnim Krakowie (w tym na terenie Dzielnicy VII Zwierzyniec) wybory uzupe\u0142niaj\u0105ce do Senatu RP. G\u0142osowanie na terenie naszego osiedla tradycyjnie odbywa si\u0119 w Klubie Kultury \u201ePrzegorza\u0142y\u201d przy ul. Kamedulskiej 70.<\/p>\n","protected":false},"excerpt":{"rendered":"<p>PARAFIA&nbsp; CHRYSTUSA&nbsp; KR\u00d3LA OG\u0141OSZENIA&nbsp; DUSZPASTERSKIE \u2013 II Niedziela Wielkiego Postu 16 marca, 2025r. &nbsp; 1.Dzi\u015b Niedziela ad gentes &#8211; Dzie\u0144 Modlitwy, Postu i Solidarno\u015bci z Misjonarzami. Modlimy si\u0119 szczeg\u00f3lnie w intencji misji na ca\u0142ym \u015bwiecie. 2.Dzi\u015b spotkanie rodzic\u00f3w i dzieci przygotowuj\u0105cych si\u0119 do Pierwszej Komunii \u015bw. \u2013 po Mszy \u015bw. o godz. 11:00 oraz spotkanie [&hellip;]<\/p>\n","protected":false},"author":207,"featured_media":0,"comment_status":"closed","ping_status":"closed","sticky":false,"template":"","format":"standard","meta":{"_et_pb_use_builder":"","_et_pb_old_content":"","_et_gb_content_width":"","ngg_post_thumbnail":0,"footnotes":""},"categories":[6],"tags":[],"class_list":["post-1910","post","type-post","status-publish","format-standard","hentry","category-ogloszenia-parafialne"],"_links":{"self":[{"href":"https:\/\/przegorzaly.pl\/index.php?rest_route=\/wp\/v2\/posts\/1910","targetHints":{"allow":["GET"]}}],"collection":[{"href":"https:\/\/przegorzaly.pl\/index.php?rest_route=\/wp\/v2\/posts"}],"about":[{"href":"https:\/\/przegorzaly.pl\/index.php?rest_route=\/wp\/v2\/types\/post"}],"author":[{"embeddable":true,"href":"https:\/\/przegorzaly.pl\/index.php?rest_route=\/wp\/v2\/users\/207"}],"replies":[{"embeddable":true,"href":"https:\/\/przegorzaly.pl\/index.php?rest_route=%2Fwp%2Fv2%2Fcomments&post=1910"}],"version-history":[{"count":1,"href":"https:\/\/przegorzaly.pl\/index.php?rest_route=\/wp\/v2\/posts\/1910\/revisions"}],"predecessor-version":[{"id":1911,"href":"https:\/\/przegorzaly.pl\/index.php?rest_route=\/wp\/v2\/posts\/1910\/revisions\/1911"}],"wp:attachment":[{"href":"https:\/\/przegorzaly.pl\/index.php?rest_route=%2Fwp%2Fv2%2Fmedia&parent=1910"}],"wp:term":[{"taxonomy":"category","embeddable":true,"href":"https:\/\/przegorzaly.pl\/index.php?rest_route=%2Fwp%2Fv2%2Fcategories&post=1910"},{"taxonomy":"post_tag","embeddable":true,"href":"https:\/\/przegorzaly.pl\/index.php?rest_route=%2Fwp%2Fv2%2Ftags&post=1910"}],"curies":[{"name":"wp","href":"https:\/\/api.w.org\/{rel}","templated":true}]}}