{"id":1843,"date":"2024-12-19T14:54:08","date_gmt":"2024-12-19T13:54:08","guid":{"rendered":"https:\/\/przegorzaly.pl\/?p=1843"},"modified":"2025-02-08T16:53:37","modified_gmt":"2025-02-08T15:53:37","slug":"3-niedziela-adwentu-15-grudnia-2024r","status":"publish","type":"post","link":"https:\/\/przegorzaly.pl\/?p=1843","title":{"rendered":"III Niedziela Adwentu &#8211; 15 grudnia, 2024r."},"content":{"rendered":"<p style=\"text-align: center\"><strong>PARAFIA&nbsp; CHRYSTUSA&nbsp; KR\u00d3LA<\/strong><\/p>\n<p style=\"text-align: center\"><strong>OG\u0141OSZENIA&nbsp; DUSZPASTERSKIE \u2013 3 Niedziela Adwentu <\/strong><\/p>\n<p style=\"text-align: center\"><strong>(15 grudnia<\/strong><strong>, 2024r.)<\/strong><\/p>\n<p>1.Dzi\u0119kujemy serdecznie za <strong>wsparcie akcji pokrywania koszt\u00f3w remontu naszego ko\u015bcio\u0142a<\/strong>. W pierwsz\u0105 niedziel\u0119 grudnia zebrali\u015bmy na tac\u0119 4010 z\u0142, co daje nam ca\u0142o\u015bciow\u0105 kwot\u0119 122&nbsp;520 z\u0142 i 109 EUR. W ka\u017cd\u0105 \u015brod\u0119 odprawiamy Msz\u0119 \u015bw. w intencji wszystkich os\u00f3b wspieraj\u0105cych potrzeby naszej Parafii. Dzi\u015b w naszej parafii odbywa si\u0119 Kwesta na rzecz Duszpasterstwa M\u0142odzie\u017cy w naszej Parafii, w Dekanacie i w Archidiecezji Krakowskiej.<\/p>\n<p>2.Przez ca\u0142y Adwent zapraszamy na <strong>Roraty<\/strong> \u2013 od poniedzia\u0142ku do pi\u0105tku \u2013 o godz. 18:00, w soboty o godz. 7:30. Zach\u0119camy, zw\u0142aszcza dzieci, do przychodzenia z roratnimi lampionami.<\/p>\n<p>3.Dzi\u015b spotkanie m\u0142odzie\u017cy przygotowuj\u0105cej si\u0119 do bierzmowania <strong>z klas 7-ych<\/strong> o godz. 16:30.<\/p>\n<p>4.W naszym ko\u015bciele przez ca\u0142y okres Adwentu odbywa si\u0119 zbi\u00f3rka \u015brodk\u00f3w higienicznych (pieluch, chusteczek) dla <strong>Hospicjum dla dzieci<\/strong> im. ks. J\u00f3zefa Tischnera&nbsp; mieszcz\u0105cym si\u0119 w Krakowie &#8211; D\u0119bnikach. Dary b\u0119dzie mo\u017cna przynosi\u0107 do ko\u015bcio\u0142a i zostawia\u0107 w przedsionku.<\/p>\n<p>5.Podobnie jak w roku minionym <strong>wizyta kol\u0119dowa<\/strong> b\u0119dzie przebiega\u0142a dwojako: rodziny, kt\u00f3re chc\u0105 przyj\u0105\u0107 kap\u0142ana w swoim domu zg\u0142aszaj\u0105 to do parafii drog\u0105 mailow\u0105 (<a href=\"mailto:przegorzaly@jezuici.pl\">przegorzaly@jezuici.pl<\/a>), drog\u0105 telefoniczn\u0105 (573&nbsp;259 245), b\u0105d\u017a bezpo\u015brednio na karteczce w zakrystii (w ko\u015bciele s\u0105 wy\u0142o\u017cone karteczki do wype\u0142niania). Mo\u017cna te\u017c wype\u0142ni\u0107 karteczk\u0119 w imieniu s\u0105siad\u00f3w, kt\u00f3rych akurat nie ma w ko\u015bciele, a chcieliby przyj\u0105\u0107 ksi\u0119dza po kol\u0119dzie. W tym roku mo\u017cna si\u0119 te\u017c zarejestrowa\u0107 elektronicznie \u2013 na naszej stronie internetowej \u201eprzegorzaly.pl\u201d jest og\u0142oszenie \u201eWizyta kol\u0119dowa\u201d, nale\u017cy tam klikn\u0105\u0107 na link \u201eFormularz\u201d i wype\u0142ni\u0107 zg\u0142oszenie. Kol\u0119da w domach b\u0119dzie si\u0119 odbywa\u0107 w dniach 27-30 grudnia. Zg\u0142oszenia prosimy sk\u0142ada\u0107 do ostatniej Niedzieli Adwentu \u2013 do dnia 22 grudnia, podaj\u0105c imi\u0119 i nazwisko, adres, numer telefonu (w celu dok\u0142adnego ustalenia godziny odwiedzin). Rodziny, kt\u00f3re z r\u00f3\u017cnych wzgl\u0119d\u00f3w, nie mog\u0105 przyj\u0105\u0107 ksi\u0119dza w wyznaczonych dniach grudniowych zapraszamy na spotkanie kol\u0119dowe w ko\u015bciele &#8211; Msza \u015bw. ze specjalnym b\u0142ogos\u0142awie\u0144stwem odb\u0119dzie si\u0119 w dniu 3 stycznia o godz. 18:00.<\/p>\n<p>6.Zgodnie z decyzj\u0105 Rady Parafialnej i po konsultacjach z Parafianami &#8211; w tym roku <strong>Pasterk\u0119 organizujemy o godz. 22:00<\/strong>. Spowied\u017a przed\u015bwi\u0105teczna \u2013 w sobot\u0119 21 grudnia na Mszy porannej i wieczorem od godz. 17:30; w niedziel\u0119 \u2013 podczas ka\u017cdej Mszy \u015bw.; w poniedzia\u0142ek \u2013 23 grudnia \u2013 na Mszy porannej i wieczorem od godz. 17:30.&nbsp;<\/p>\n<p>7.W zakrystii mo\u017cna nabywa\u0107 <strong>op\u0142atki<\/strong>.<\/p>\n","protected":false},"excerpt":{"rendered":"<p>PARAFIA&nbsp; CHRYSTUSA&nbsp; KR\u00d3LA OG\u0141OSZENIA&nbsp; DUSZPASTERSKIE \u2013 3 Niedziela Adwentu (15 grudnia, 2024r.) 1.Dzi\u0119kujemy serdecznie za wsparcie akcji pokrywania koszt\u00f3w remontu naszego ko\u015bcio\u0142a. W pierwsz\u0105 niedziel\u0119 grudnia zebrali\u015bmy na tac\u0119 4010 z\u0142, co daje nam ca\u0142o\u015bciow\u0105 kwot\u0119 122&nbsp;520 z\u0142 i 109 EUR. W ka\u017cd\u0105 \u015brod\u0119 odprawiamy Msz\u0119 \u015bw. w intencji wszystkich os\u00f3b wspieraj\u0105cych potrzeby naszej Parafii. [&hellip;]<\/p>\n","protected":false},"author":207,"featured_media":0,"comment_status":"closed","ping_status":"closed","sticky":false,"template":"","format":"standard","meta":{"_et_pb_use_builder":"","_et_pb_old_content":"","_et_gb_content_width":"","ngg_post_thumbnail":0,"footnotes":""},"categories":[6],"tags":[],"class_list":["post-1843","post","type-post","status-publish","format-standard","hentry","category-ogloszenia-parafialne"],"_links":{"self":[{"href":"https:\/\/przegorzaly.pl\/index.php?rest_route=\/wp\/v2\/posts\/1843","targetHints":{"allow":["GET"]}}],"collection":[{"href":"https:\/\/przegorzaly.pl\/index.php?rest_route=\/wp\/v2\/posts"}],"about":[{"href":"https:\/\/przegorzaly.pl\/index.php?rest_route=\/wp\/v2\/types\/post"}],"author":[{"embeddable":true,"href":"https:\/\/przegorzaly.pl\/index.php?rest_route=\/wp\/v2\/users\/207"}],"replies":[{"embeddable":true,"href":"https:\/\/przegorzaly.pl\/index.php?rest_route=%2Fwp%2Fv2%2Fcomments&post=1843"}],"version-history":[{"count":2,"href":"https:\/\/przegorzaly.pl\/index.php?rest_route=\/wp\/v2\/posts\/1843\/revisions"}],"predecessor-version":[{"id":1870,"href":"https:\/\/przegorzaly.pl\/index.php?rest_route=\/wp\/v2\/posts\/1843\/revisions\/1870"}],"wp:attachment":[{"href":"https:\/\/przegorzaly.pl\/index.php?rest_route=%2Fwp%2Fv2%2Fmedia&parent=1843"}],"wp:term":[{"taxonomy":"category","embeddable":true,"href":"https:\/\/przegorzaly.pl\/index.php?rest_route=%2Fwp%2Fv2%2Fcategories&post=1843"},{"taxonomy":"post_tag","embeddable":true,"href":"https:\/\/przegorzaly.pl\/index.php?rest_route=%2Fwp%2Fv2%2Ftags&post=1843"}],"curies":[{"name":"wp","href":"https:\/\/api.w.org\/{rel}","templated":true}]}}