{"id":1808,"date":"2024-11-23T22:01:09","date_gmt":"2024-11-23T21:01:09","guid":{"rendered":"https:\/\/przegorzaly.pl\/?p=1808"},"modified":"2024-11-23T22:01:09","modified_gmt":"2024-11-23T21:01:09","slug":"niedziela-chrystusa-krola-24-listopada-2024r","status":"publish","type":"post","link":"https:\/\/przegorzaly.pl\/?p=1808","title":{"rendered":"Niedziela Chrystusa Kr\u00f3la &#8211; 24 listopada, 2024r."},"content":{"rendered":"<p style=\"text-align: center\"><strong>PARAFIA&nbsp; CHRYSTUSA&nbsp; KR\u00d3LA<\/strong><\/p>\n<p style=\"text-align: center\"><strong>OG\u0141OSZENIA&nbsp; DUSZPASTERSKIE \u2013 Niedziela Chrystusa Kr\u00f3la <\/strong><\/p>\n<p style=\"text-align: center\"><strong>(24 listopada<\/strong><strong>, 2024r.)<\/strong><\/p>\n<p>1.Dzi\u015b <strong>UROCZYSTO\u015a\u0106 CHRYSTUSA KR\u00d3LA WSZECH\u015aWIATA<\/strong> \u2013 nasz odpust parafialny. Go\u015bcimy w naszej Parafii o. Grzegorza Lojtka, jezuit\u0119, duszpasterza akademickiego z Warszawy, kt\u00f3ry na wszystkich Mszach \u015bw. g\u0142osi kazania. Podczas wszystkich Mszach \u015bw. ma miejsce zawierzenie nas wszystkich Chrystusowi Kr\u00f3lowi. Z tej okazji mo\u017cna uzyska\u0107 odpust zupe\u0142ny pod zwyk\u0142ymi warunkami \u2013 stan \u0142aski u\u015bwi\u0119caj\u0105cej, przyj\u0119cie komunii \u015bw., modlitwa w intencjach Ojca \u015awi\u0119tego (wystarczy \u201eOjcze nas\u201d i \u201eZdrowa\u015b Mario\u201d) oraz spe\u0142nienie uczynku odpustowego. Takim uczynkiem mo\u017ce by\u0107 publiczne odm\u00f3wienie aktu po\u015bwi\u0119cenia Chrystusowi Kr\u00f3lowi b\u0105d\u017a zwyk\u0142e nawiedzenie naszego ko\u015bcio\u0142a w dniu odpustu (w tym ostatnim wypadku nale\u017cy dodatkowo odm\u00f3wi\u0107 Wierz\u0119 w Boga).<\/p>\n<p>2.Dzi\u0119kujemy za wsparcie akcji pomocy misjom \u2013 w zesz\u0142\u0105 niedziel\u0119 zebrali\u015bmy 4940 z\u0142 na misje w Afryce.<\/p>\n<p>3.Zako\u0144czyli\u015bmy nasze parafialne <strong>Nabo\u017ce\u0144stwa wypominkowe. <\/strong><\/p>\n<p>4.W przysz\u0142\u0105 niedziel\u0119 rozpoczyna si\u0119 <strong>Adwent <\/strong>&#8211; pocz\u0105tek nowego roku liturgicznego w Ko\u015bciele. Jest to okres radosnego i pobo\u017cnego oczekiwania oraz przygotowania do Uroczysto\u015bci Narodzenia Pa\u0144skiego. Przez ca\u0142y Adwent zapraszamy na Roraty \u2013 od poniedzia\u0142ku do pi\u0105tku \u2013 o godz. 18:00, w soboty o godz. 7:30. W przysz\u0142\u0105 niedziel\u0119 zapraszamy na nasze rekolekcje adwentowe. Rekolekcje pt. \u201eMi\u0142o\u015b\u0107 w cieniu wojny\u201d wyg\u0142osi o. Vitaliy OSMOLOVSKYY SJ &#8211; jezuita, kapelan Jezuickiej S\u0142u\u017cby Uchod\u017acom (Jesuit Refugee Service) we Lwowie, koordynator mi\u0119dzynarodowej pomocy walcz\u0105cej Ukrainie, instruktor judo, rekolekcjonista. Rozpoczynamy ju\u017c w sobot\u0119 30 listopada o godz. 18:00, kontynuujemy na wszystkich Mszach niedzielnych w dniu 1 grudnia \u2013 a nast\u0119pnie w poniedzia\u0142ek, wtorek i \u015brod\u0119 zapraszamy na Msze \u015bw. o godz. 9:00 i 18:00. Przez ca\u0142\u0105 niedziel\u0119 (1 grudnia) b\u0119dziemy kwestowa\u0107 na rzecz wsparcia jezuickich misji na Ukrainie.<\/p>\n<p>4.Przysz\u0142a niedziela to b\u0119dzie <strong>pierwsza niedziela miesi\u0105ca<\/strong> \u2013 taca b\u0119dzie przeznaczona na pokrycie koszt\u00f3w remontu ko\u015bcio\u0142a. Przed Msz\u0105 \u015bw. o godz. 9:00 odm\u00f3wimy koronk\u0119 do Bo\u017cego Mi\u0142osierdzia, za\u015b po tej Mszy \u015bw. wymienimy tajemnice \u017cywego r\u00f3\u017ca\u0144ca.<\/p>\n<p>5.W dniu 8 grudnia zapraszamy do naszej \u015bwi\u0105tyni na modlitw\u0119 przed Naj\u015bwi\u0119tszym Sakramentem od godz. 12.00 do godz. 13.00 w <strong>Godzinie \u0141aski<\/strong>.<\/p>\n<p>&nbsp;<\/p>\n","protected":false},"excerpt":{"rendered":"<p>PARAFIA&nbsp; CHRYSTUSA&nbsp; KR\u00d3LA OG\u0141OSZENIA&nbsp; DUSZPASTERSKIE \u2013 Niedziela Chrystusa Kr\u00f3la (24 listopada, 2024r.) 1.Dzi\u015b UROCZYSTO\u015a\u0106 CHRYSTUSA KR\u00d3LA WSZECH\u015aWIATA \u2013 nasz odpust parafialny. Go\u015bcimy w naszej Parafii o. Grzegorza Lojtka, jezuit\u0119, duszpasterza akademickiego z Warszawy, kt\u00f3ry na wszystkich Mszach \u015bw. g\u0142osi kazania. Podczas wszystkich Mszach \u015bw. ma miejsce zawierzenie nas wszystkich Chrystusowi Kr\u00f3lowi. Z tej okazji mo\u017cna [&hellip;]<\/p>\n","protected":false},"author":207,"featured_media":0,"comment_status":"closed","ping_status":"closed","sticky":false,"template":"","format":"standard","meta":{"_et_pb_use_builder":"","_et_pb_old_content":"","_et_gb_content_width":"","ngg_post_thumbnail":0,"footnotes":""},"categories":[6],"tags":[],"class_list":["post-1808","post","type-post","status-publish","format-standard","hentry","category-ogloszenia-parafialne"],"_links":{"self":[{"href":"https:\/\/przegorzaly.pl\/index.php?rest_route=\/wp\/v2\/posts\/1808","targetHints":{"allow":["GET"]}}],"collection":[{"href":"https:\/\/przegorzaly.pl\/index.php?rest_route=\/wp\/v2\/posts"}],"about":[{"href":"https:\/\/przegorzaly.pl\/index.php?rest_route=\/wp\/v2\/types\/post"}],"author":[{"embeddable":true,"href":"https:\/\/przegorzaly.pl\/index.php?rest_route=\/wp\/v2\/users\/207"}],"replies":[{"embeddable":true,"href":"https:\/\/przegorzaly.pl\/index.php?rest_route=%2Fwp%2Fv2%2Fcomments&post=1808"}],"version-history":[{"count":1,"href":"https:\/\/przegorzaly.pl\/index.php?rest_route=\/wp\/v2\/posts\/1808\/revisions"}],"predecessor-version":[{"id":1809,"href":"https:\/\/przegorzaly.pl\/index.php?rest_route=\/wp\/v2\/posts\/1808\/revisions\/1809"}],"wp:attachment":[{"href":"https:\/\/przegorzaly.pl\/index.php?rest_route=%2Fwp%2Fv2%2Fmedia&parent=1808"}],"wp:term":[{"taxonomy":"category","embeddable":true,"href":"https:\/\/przegorzaly.pl\/index.php?rest_route=%2Fwp%2Fv2%2Fcategories&post=1808"},{"taxonomy":"post_tag","embeddable":true,"href":"https:\/\/przegorzaly.pl\/index.php?rest_route=%2Fwp%2Fv2%2Ftags&post=1808"}],"curies":[{"name":"wp","href":"https:\/\/api.w.org\/{rel}","templated":true}]}}