{"id":1798,"date":"2024-11-16T15:40:40","date_gmt":"2024-11-16T14:40:40","guid":{"rendered":"https:\/\/przegorzaly.pl\/?p=1798"},"modified":"2024-11-25T22:05:55","modified_gmt":"2024-11-25T21:05:55","slug":"xxxiii-niedziela-zwykla-17-listopada-2024r","status":"publish","type":"post","link":"https:\/\/przegorzaly.pl\/?p=1798","title":{"rendered":"XXXIII Niedziela Zwyk\u0142a &#8211; 17 listopada, 2024r."},"content":{"rendered":"<p style=\"text-align: center\"><strong>PARAFIA&nbsp; CHRYSTUSA&nbsp; KR\u00d3LA<\/strong><\/p>\n<p style=\"text-align: center\"><strong>OG\u0141OSZENIA&nbsp; DUSZPASTERSKIE \u2013 XXXIII Niedziela Zwyk\u0142a <\/strong><\/p>\n<p style=\"text-align: center\"><strong>(17 listopada<\/strong><strong>, 2024r.)<\/strong><\/p>\n<p>1.Przez ca\u0142\u0105 niedziel\u0119 o. Czes\u0142aw Tomaszewski SJ g\u0142osi <strong>kazania na temat misji w Afryce<\/strong>. Po Mszach \u015bw. odbywa si\u0119 kwesta na rzecz pomocy misjom (mo\u017cliwo\u015b\u0107 nabycia kalendarza i biuletynu misyjnego). Serdeczne B\u00f3g zap\u0142a\u0107 za wszelk\u0105 pomoc na rzecz misji! Wi\u0119cej informacji o dzia\u0142alno\u015bci Referatu misyjnego mo\u017cna znale\u017a\u0107 pod adresem: <strong><a href=\"https:\/\/misje-jezuickie.pl\/\" target=\"_blank\" rel=\"noopener\">https:\/\/misje-jezuickie.pl\/<\/a><\/strong><\/p>\n<p>2.<strong>Nabo\u017ce\u0144stwa wypominkowe<\/strong> odbywaj\u0105 si\u0119 od poniedzia\u0142ku do pi\u0105tku o godz. 17:30. W ka\u017cdy wtorek listopada o godz. 18:00 jest odprawiona Msza \u015bw. w intencji zmar\u0142ych poleconych w naszych wypominkach. Przez ca\u0142y rok odprawiamy raz w miesi\u0105cu Msz\u0119 \u015bw. w tej samej intencji.<\/p>\n<p>3.Dzi\u015b odbywaj\u0105 si\u0119 nast\u0119puj\u0105ce spotkania:<\/p>\n<p>&#8211; Spotkanie <strong>dzieci przygotowuj\u0105cych si\u0119 do Pierwszej Komunii \u015bw<\/strong>. oraz ich rodzic\u00f3w po Mszy \u015bw. o godz. 11:00,<\/p>\n<p>&#8211; <strong>Zbi\u00f3rka ministrancka<\/strong> po Mszy \u015bw. o godz. 11:00;<\/p>\n<p>&#8211; Spotkanie <strong>m\u0142odzie\u017cy przygotowuj\u0105cej si\u0119 do bierzmowania<\/strong> z klas 7-ych o godz. 16:30;<\/p>\n<p>&#8211; Spotkanie <strong>m\u0142odzie\u017cy przygotowuj\u0105cej si\u0119 do bierzmowania<\/strong> z klas 8-ych o godz. 10:00.<\/p>\n<p>4.M\u0142odzie\u017c akademick\u0105 zapraszamy na <strong>warsztaty z duchowo\u015bci \u015bw. Ignacego Loyoli. <\/strong>Odb\u0119d\u0105 si\u0119 one w sobot\u0119 &#8211; 23 listopada, w godz. 10:00 \u2013 18:00. W programie konferencje, dyskusje w grupach, wprowadzenie w metod\u0119 medytacji wg. \u015aw. Ignacego. Koszt: 30 z\u0142. Zapisy u o. Proboszcza.<\/p>\n<p>5.W przysz\u0142\u0105 niedziel\u0119 przypada <strong>UROCZYSTO\u015a\u0106 CHRYSTUSA KR\u00d3LA WSZECH\u015aWIATA<\/strong> \u2013 nasz odpust parafialny. Na Mszy \u015bw. o godz. 11:00 odb\u0119dzie si\u0119 uroczyste zawierzenie nas wszystkich Chrystusowi Kr\u00f3lowi. Z tej okazji mo\u017cna uzyska\u0107 odpust zupe\u0142ny pod zwyk\u0142ymi warunkami \u2013 stan \u0142aski u\u015bwi\u0119caj\u0105cej, przyj\u0119cie komunii \u015bw., modlitwa w intencjach Ojca \u015awi\u0119tego (wystarczy \u201eOjcze nas\u201d i \u201eZdrowa\u015b Mario\u201d) oraz spe\u0142nienie uczynku odpustowego. Takim uczynkiem mo\u017ce by\u0107 publiczne odm\u00f3wienie aktu po\u015bwi\u0119cenia Chrystusowi Kr\u00f3lowi b\u0105d\u017a zwyk\u0142e nawiedzenie naszego ko\u015bcio\u0142a w dniu odpustu (w tym ostatnim wypadku nale\u017cy dodatkowo odm\u00f3wi\u0107 Wierz\u0119 w Boga).<\/p>\n<p>6.Ks. Arcybiskup Marek J\u0119draszewski og\u0142osi\u0142 decyzj\u0119 o rozpocz\u0119ciu procesu beatyfikacyjnego S\u0142ugi Bo\u017cego o. J\u00f3zefa Andrasza \u2013 jezuity, kap\u0142ana. O. Andrasz by\u0142 spowiednikiem s. Faustyny Kowalskiej, a po jej \u015bmierci zaanga\u017cowa\u0142 si\u0119 w realizacj\u0119 jej pos\u0142annictwa. W Dzienniczku \u015bw. Siostry Faustyny jest najcz\u0119\u015bciej \u2013 59 razy -wymienianym kap\u0142anem. Ks. Arcybiskup prosi, aby ka\u017cdy, kto posiada jakiekolwiek dokumenty, pisma, informacje dotycz\u0105ce o. Andrasza \u2013 zar\u00f3wno pozytywne jak i negatywne &#8211; zechcia\u0142 przekaza\u0107 je do Kurii Metropolitalnej w Krakowie w terminie do dnia 30 grudnia 2024r.<\/p>\n","protected":false},"excerpt":{"rendered":"<p>PARAFIA&nbsp; CHRYSTUSA&nbsp; KR\u00d3LA OG\u0141OSZENIA&nbsp; DUSZPASTERSKIE \u2013 XXXIII Niedziela Zwyk\u0142a (17 listopada, 2024r.) 1.Przez ca\u0142\u0105 niedziel\u0119 o. Czes\u0142aw Tomaszewski SJ g\u0142osi kazania na temat misji w Afryce. Po Mszach \u015bw. odbywa si\u0119 kwesta na rzecz pomocy misjom (mo\u017cliwo\u015b\u0107 nabycia kalendarza i biuletynu misyjnego). Serdeczne B\u00f3g zap\u0142a\u0107 za wszelk\u0105 pomoc na rzecz misji! Wi\u0119cej informacji o dzia\u0142alno\u015bci [&hellip;]<\/p>\n","protected":false},"author":207,"featured_media":0,"comment_status":"closed","ping_status":"closed","sticky":false,"template":"","format":"standard","meta":{"_et_pb_use_builder":"","_et_pb_old_content":"","_et_gb_content_width":"","ngg_post_thumbnail":0,"footnotes":""},"categories":[6],"tags":[],"class_list":["post-1798","post","type-post","status-publish","format-standard","hentry","category-ogloszenia-parafialne"],"_links":{"self":[{"href":"https:\/\/przegorzaly.pl\/index.php?rest_route=\/wp\/v2\/posts\/1798","targetHints":{"allow":["GET"]}}],"collection":[{"href":"https:\/\/przegorzaly.pl\/index.php?rest_route=\/wp\/v2\/posts"}],"about":[{"href":"https:\/\/przegorzaly.pl\/index.php?rest_route=\/wp\/v2\/types\/post"}],"author":[{"embeddable":true,"href":"https:\/\/przegorzaly.pl\/index.php?rest_route=\/wp\/v2\/users\/207"}],"replies":[{"embeddable":true,"href":"https:\/\/przegorzaly.pl\/index.php?rest_route=%2Fwp%2Fv2%2Fcomments&post=1798"}],"version-history":[{"count":3,"href":"https:\/\/przegorzaly.pl\/index.php?rest_route=\/wp\/v2\/posts\/1798\/revisions"}],"predecessor-version":[{"id":1814,"href":"https:\/\/przegorzaly.pl\/index.php?rest_route=\/wp\/v2\/posts\/1798\/revisions\/1814"}],"wp:attachment":[{"href":"https:\/\/przegorzaly.pl\/index.php?rest_route=%2Fwp%2Fv2%2Fmedia&parent=1798"}],"wp:term":[{"taxonomy":"category","embeddable":true,"href":"https:\/\/przegorzaly.pl\/index.php?rest_route=%2Fwp%2Fv2%2Fcategories&post=1798"},{"taxonomy":"post_tag","embeddable":true,"href":"https:\/\/przegorzaly.pl\/index.php?rest_route=%2Fwp%2Fv2%2Ftags&post=1798"}],"curies":[{"name":"wp","href":"https:\/\/api.w.org\/{rel}","templated":true}]}}