{"id":1794,"date":"2024-11-16T15:04:38","date_gmt":"2024-11-16T14:04:38","guid":{"rendered":"https:\/\/przegorzaly.pl\/?p=1794"},"modified":"2024-11-16T23:01:04","modified_gmt":"2024-11-16T22:01:04","slug":"xxxii-niedziela-zwykla-10-listopada-2024r","status":"publish","type":"post","link":"https:\/\/przegorzaly.pl\/?p=1794","title":{"rendered":"XXXII Niedziela Zwyk\u0142a &#8211; 10 listopada, 2024r."},"content":{"rendered":"<p style=\"text-align: center\"><strong>PARAFIA&nbsp; CHRYSTUSA&nbsp; KR\u00d3LA<\/strong><\/p>\n<p style=\"text-align: center\"><strong>OG\u0141OSZENIA&nbsp; DUSZPASTERSKIE \u2013 XXXII Niedziela Zwyk\u0142a <\/strong><\/p>\n<p style=\"text-align: center\"><strong>(10 listopada<\/strong><strong>, 2024r.)<\/strong><\/p>\n<p style=\"text-align: center\">&nbsp;<\/p>\n<p>1.Dzi\u0119kujemy serdecznie za <strong>wsparcie akcji pokrywania koszt\u00f3w remontu naszego ko\u015bcio\u0142a<\/strong>. W zesz\u0142\u0105 niedziel\u0119 zebrali\u015bmy na tac\u0119 3760 z\u0142, co daje nam ca\u0142o\u015bciow\u0105 kwot\u0119 118&nbsp;460 z\u0142 i 109 EUR. W ka\u017cd\u0105 \u015brod\u0119 odprawiamy Msz\u0119 \u015bw. w intencji wszystkich os\u00f3b wspieraj\u0105cych potrzeby naszej Parafii.<\/p>\n<p>2.<strong>Nabo\u017ce\u0144stwa wypominkowe<\/strong> odbywaj\u0105 si\u0119 od poniedzia\u0142ku do pi\u0105tku o godz. 17:30. W ka\u017cdy wtorek listopada o godz. 18:00 jest odprawiona Msza \u015bw. w intencji zmar\u0142ych poleconych w naszych wypominkach. Przez ca\u0142y rok odprawiamy raz w miesi\u0105cu Msz\u0119 \u015bw. w tej samej intencji.<\/p>\n<p>3.Za tydzie\u0144 w niedziel\u0119 \u2013 17 listopada \u2013 odb\u0119d\u0105 si\u0119 nast\u0119puj\u0105ce spotkania:<\/p>\n<p>&#8211; Spotkanie <strong>dzieci przygotowuj\u0105cych si\u0119 do Pierwszej Komunii \u015bw<\/strong>. oraz ich rodzic\u00f3w po Mszy \u015bw. o godz. 11:00,<\/p>\n<p>&#8211; <strong>Zbi\u00f3rka ministrancka<\/strong> po Mszy \u015bw. o godz. 11:00;<\/p>\n<p>&#8211; Spotkanie <strong>m\u0142odzie\u017cy przygotowuj\u0105cej si\u0119 do bierzmowania<\/strong> z klas 7-ych o godz. 16:30;<\/p>\n<p>&#8211; Spotkanie <strong>m\u0142odzie\u017cy przygotowuj\u0105cej si\u0119 do bierzmowania<\/strong> z klas 8-ych o godz. 10:00.<\/p>\n<p>To wszystko odb\u0119dzie si\u0119 w przysz\u0142\u0105 niedziel\u0119, a dodatkowo w tym dniu o. Czes\u0142aw Tomaszewski SJ b\u0119dzie przez ca\u0142y dzie\u0144 g\u0142osi\u0142 <strong>kazania na temat misji w Afryce<\/strong>. Po Mszach \u015bw. b\u0119dzie kwestowa\u0142 na rzecz pomocy misjom, rozprowadzaj\u0105c jednocze\u015bnie kalendarze i biuletyny misyjne. Serdeczne B\u00f3g zap\u0142a\u0107 za wszelk\u0105 pomoc na rzecz misji.<\/p>\n<p>4.M\u0142odzie\u017c akademick\u0105 zapraszamy na <strong>warsztaty z duchowo\u015bci \u015bw. Ignacego Loyoli. <\/strong>Odb\u0119d\u0105 si\u0119 one w sobot\u0119 &#8211; 23 listopada, w godz. 10:00 \u2013 18:00. W programie konferencje, dyskusje w grupach, wprowadzenie w metod\u0119 medytacji wg. \u015aw. Ignacego. Koszt: 30 z\u0142. Zapisy u o. Proboszcza.<\/p>\n<p>5.W naszym ko\u015bciele znaleziono <strong>jedn\u0105 sztuk\u0119 bi\u017cuterii<\/strong>. Osoba, kt\u00f3ra j\u0105 zgubi\u0142a proszona jest o kontakt z o. Proboszczem.<\/p>\n<p>6.W tym tygodniu <strong>zmar\u0142y dwie nasze parafianki<\/strong>, \u015b.p. Zofia Moszuma\u0144ska (pogrzeb odby\u0142 si\u0119 w pi\u0105tek) oraz \u015b.p. Antonina Burchalska (pogrzeb odb\u0119dzie si\u0119 w nadchodz\u0105cy pi\u0105tek (15 listopada) o godz. 13:40, na Cmentarzu Batowickim). <em>Wieczny odpoczynek racz im da\u0107 Panie\u2026.<\/em><\/p>\n<p>7.W sobot\u0119, 16 listopada o godz. 20:00 zesp\u00f3\u0142 wokalny VoctEnsemble zaprasza na koncert pt. &#8222;9 Kart z Ksi\u0119gi Psalm\u00f3w&#8221; w Bazylice NSPJ w Krakowie. W programie m.in. unikalne wykonanie &#8222;Miserere&#8221; Allegriego. Zesp\u00f3\u0142 zaprasza do wsp\u00f3lnej modlitwy psalmami.<\/p>\n","protected":false},"excerpt":{"rendered":"<p>PARAFIA&nbsp; CHRYSTUSA&nbsp; KR\u00d3LA OG\u0141OSZENIA&nbsp; DUSZPASTERSKIE \u2013 XXXII Niedziela Zwyk\u0142a (10 listopada, 2024r.) &nbsp; 1.Dzi\u0119kujemy serdecznie za wsparcie akcji pokrywania koszt\u00f3w remontu naszego ko\u015bcio\u0142a. W zesz\u0142\u0105 niedziel\u0119 zebrali\u015bmy na tac\u0119 3760 z\u0142, co daje nam ca\u0142o\u015bciow\u0105 kwot\u0119 118&nbsp;460 z\u0142 i 109 EUR. W ka\u017cd\u0105 \u015brod\u0119 odprawiamy Msz\u0119 \u015bw. w intencji wszystkich os\u00f3b wspieraj\u0105cych potrzeby naszej Parafii. [&hellip;]<\/p>\n","protected":false},"author":207,"featured_media":0,"comment_status":"closed","ping_status":"closed","sticky":false,"template":"","format":"standard","meta":{"_et_pb_use_builder":"","_et_pb_old_content":"","_et_gb_content_width":"","ngg_post_thumbnail":0,"footnotes":""},"categories":[6],"tags":[],"class_list":["post-1794","post","type-post","status-publish","format-standard","hentry","category-ogloszenia-parafialne"],"_links":{"self":[{"href":"https:\/\/przegorzaly.pl\/index.php?rest_route=\/wp\/v2\/posts\/1794","targetHints":{"allow":["GET"]}}],"collection":[{"href":"https:\/\/przegorzaly.pl\/index.php?rest_route=\/wp\/v2\/posts"}],"about":[{"href":"https:\/\/przegorzaly.pl\/index.php?rest_route=\/wp\/v2\/types\/post"}],"author":[{"embeddable":true,"href":"https:\/\/przegorzaly.pl\/index.php?rest_route=\/wp\/v2\/users\/207"}],"replies":[{"embeddable":true,"href":"https:\/\/przegorzaly.pl\/index.php?rest_route=%2Fwp%2Fv2%2Fcomments&post=1794"}],"version-history":[{"count":5,"href":"https:\/\/przegorzaly.pl\/index.php?rest_route=\/wp\/v2\/posts\/1794\/revisions"}],"predecessor-version":[{"id":1807,"href":"https:\/\/przegorzaly.pl\/index.php?rest_route=\/wp\/v2\/posts\/1794\/revisions\/1807"}],"wp:attachment":[{"href":"https:\/\/przegorzaly.pl\/index.php?rest_route=%2Fwp%2Fv2%2Fmedia&parent=1794"}],"wp:term":[{"taxonomy":"category","embeddable":true,"href":"https:\/\/przegorzaly.pl\/index.php?rest_route=%2Fwp%2Fv2%2Fcategories&post=1794"},{"taxonomy":"post_tag","embeddable":true,"href":"https:\/\/przegorzaly.pl\/index.php?rest_route=%2Fwp%2Fv2%2Ftags&post=1794"}],"curies":[{"name":"wp","href":"https:\/\/api.w.org\/{rel}","templated":true}]}}