{"id":1737,"date":"2024-08-31T17:14:55","date_gmt":"2024-08-31T15:14:55","guid":{"rendered":"https:\/\/przegorzaly.pl\/?p=1737"},"modified":"2024-08-31T17:14:55","modified_gmt":"2024-08-31T15:14:55","slug":"xxi-niedziela-zwykla-25-sierpnia-2024r","status":"publish","type":"post","link":"https:\/\/przegorzaly.pl\/?p=1737","title":{"rendered":"XXI Niedziela Zwyk\u0142a &#8211; 25 sierpnia, 2024r."},"content":{"rendered":"<p style=\"text-align: center\"><strong>PARAFIA&nbsp; CHRYSTUSA&nbsp; KR\u00d3LA<\/strong><\/p>\n<p style=\"text-align: center\"><strong>OG\u0141OSZENIA&nbsp; DUSZPASTERSKIE \u2013 XXI Niedziela Zwyk\u0142a <\/strong><\/p>\n<p style=\"text-align: center\"><strong>(25 sierpnia<\/strong><strong>, 2024r.)<\/strong><\/p>\n<p>1.Dzi\u015b ko\u0144czymy akcj\u0119 \u201e<strong>Podzielnik odzie\u017cy i ksi\u0105\u017cek<\/strong>\u201d. Dzi\u0119kujemy wszystkim, kt\u00f3rzy w\u0142\u0105czyli si\u0119 w podzielnik.<\/p>\n<p>2.Mo\u017cna si\u0119 jeszcze zapisa\u0107 na <strong>spotkania grupy rozwijaj\u0105cej umiej\u0119tno\u015bci komunikacji empatycznej, <\/strong>tak bardzo potrzebnej we wszelkich relacjach rodzinnych. Spotkania odbywaj\u0105 si\u0119 raz w tygodniu przez ca\u0142y rok i s\u0105 p\u0142atne \u2013 90 z\u0142 od osoby za 90 minut zaj\u0119\u0107. Na ten moment odbywaj\u0105 si\u0119 w \u015brody, o godz. 8:00 rano \u2013 na terenie domu zakonnego. W tym tygodniu spotkanie odb\u0119dzie si\u0119 wyj\u0105tkowo we wtorek \u2013 27 sierpnia &#8211; o godz. 8:00 rano. Spotkanie b\u0119dzie prowadzi\u0142 o. Chris Rajendram \u2013 jezuita ze Sri Lanki, kt\u00f3rego go\u015bcili\u015bmy w zesz\u0142ym roku w naszej parafii.<\/p>\n<p>3.W niedziel\u0119 1 wrze\u015bnia na Mszy \u015bw. o godz. 11:00 b\u0119dzie <strong>po\u015bwi\u0119cenie tornistr\u00f3w oraz przybor\u00f3w szkolnych<\/strong> dla dzieci rozpoczynaj\u0105cych nowy rok szkolny. To b\u0119dzie pierwsza niedziela miesi\u0105ca z tac\u0105 przeznaczon\u0105 na pokrycie koszt\u00f3w remontu ko\u015bcio\u0142a, z koronk\u0105 do Bo\u017cego Mi\u0142osierdzia przed Msz\u0105 \u015bw. o godz. 9:00, oraz z mo\u017cliwo\u015bci\u0105 wymiany tajemnic r\u00f3\u017ca\u0144ca po tej Mszy \u015bw.<\/p>\n<p>4.W miesi\u0105cu wrze\u015bniu <strong>Apostolstwo Modlitwy<\/strong> modli si\u0119 o trosk\u0119 cz\u0142owieka o \u015bwiat &#8211; aby ka\u017cdy z nas us\u0142ysza\u0142 i wzi\u0105\u0142 sobie do serca wo\u0142anie ziemi i ofiar kl\u0119sk \u017cywio\u0142owych i zmian klimatycznych oraz zobowi\u0105za\u0142 si\u0119 do troski o \u015bwiat, kt\u00f3ry zamieszkujemy.&nbsp;<\/p>\n<p>5.W dniu 8 wrze\u015bnia planujemy zorganizowa\u0107 <strong>piknik parafialny<\/strong>. Ojciec Proboszcz i Rada Parafialna prosz\u0105 o w\u0142\u0105czenie si\u0119 w akcj\u0119 przygotowania tego wydarzenia. Chodzi o zakupy, organizowanie posi\u0142ku, przygotowanie gier i zabaw dla dzieci, a tak\u017ce zadbanie o bezpiecze\u0144stwo na parkingu parafialnym.<\/p>\n<p>6.Spotkanie rodzic\u00f3w i <strong>dzieci przygotowuj\u0105cych si\u0119 do I Komunii \u015bw.<\/strong> odb\u0119dzie si\u0119 w trzeci\u0105 niedziel\u0119 wrze\u015bnia \u2013 15 wrze\u015bnia po Mszy \u015bw. o godz. 11:00, natomiast spotkanie <strong>m\u0142odzie\u017cy przygotowuj\u0105cej si\u0119 od bierzmowania<\/strong> w tym samy dniu po Mszy \u015bw. o godz. 18:00.<\/p>\n<p>7.W naszej Parafii wdro\u017cyli\u015bmy <strong>Standardy Ochrony Ma\u0142oletnich<\/strong>, kt\u00f3re wynikaj\u0105 zar\u00f3wno w prawa pa\u0144stwowego jak i ko\u015bcielnego. Ca\u0142y dokument jest dost\u0119pny na naszej stronie internetowej (przegorzaly.pl) w rubryce \u201eOg\u0142oszenia parafialne\u201d oraz w wersji papierowej w zakrystii i w kancelarii parafialnej.<\/p>\n<p>&nbsp;<\/p>\n","protected":false},"excerpt":{"rendered":"<p>PARAFIA&nbsp; CHRYSTUSA&nbsp; KR\u00d3LA OG\u0141OSZENIA&nbsp; DUSZPASTERSKIE \u2013 XXI Niedziela Zwyk\u0142a (25 sierpnia, 2024r.) 1.Dzi\u015b ko\u0144czymy akcj\u0119 \u201ePodzielnik odzie\u017cy i ksi\u0105\u017cek\u201d. Dzi\u0119kujemy wszystkim, kt\u00f3rzy w\u0142\u0105czyli si\u0119 w podzielnik. 2.Mo\u017cna si\u0119 jeszcze zapisa\u0107 na spotkania grupy rozwijaj\u0105cej umiej\u0119tno\u015bci komunikacji empatycznej, tak bardzo potrzebnej we wszelkich relacjach rodzinnych. Spotkania odbywaj\u0105 si\u0119 raz w tygodniu przez ca\u0142y rok i s\u0105 [&hellip;]<\/p>\n","protected":false},"author":207,"featured_media":0,"comment_status":"closed","ping_status":"closed","sticky":false,"template":"","format":"standard","meta":{"_et_pb_use_builder":"","_et_pb_old_content":"","_et_gb_content_width":"","ngg_post_thumbnail":0,"footnotes":""},"categories":[6],"tags":[],"class_list":["post-1737","post","type-post","status-publish","format-standard","hentry","category-ogloszenia-parafialne"],"_links":{"self":[{"href":"https:\/\/przegorzaly.pl\/index.php?rest_route=\/wp\/v2\/posts\/1737","targetHints":{"allow":["GET"]}}],"collection":[{"href":"https:\/\/przegorzaly.pl\/index.php?rest_route=\/wp\/v2\/posts"}],"about":[{"href":"https:\/\/przegorzaly.pl\/index.php?rest_route=\/wp\/v2\/types\/post"}],"author":[{"embeddable":true,"href":"https:\/\/przegorzaly.pl\/index.php?rest_route=\/wp\/v2\/users\/207"}],"replies":[{"embeddable":true,"href":"https:\/\/przegorzaly.pl\/index.php?rest_route=%2Fwp%2Fv2%2Fcomments&post=1737"}],"version-history":[{"count":1,"href":"https:\/\/przegorzaly.pl\/index.php?rest_route=\/wp\/v2\/posts\/1737\/revisions"}],"predecessor-version":[{"id":1738,"href":"https:\/\/przegorzaly.pl\/index.php?rest_route=\/wp\/v2\/posts\/1737\/revisions\/1738"}],"wp:attachment":[{"href":"https:\/\/przegorzaly.pl\/index.php?rest_route=%2Fwp%2Fv2%2Fmedia&parent=1737"}],"wp:term":[{"taxonomy":"category","embeddable":true,"href":"https:\/\/przegorzaly.pl\/index.php?rest_route=%2Fwp%2Fv2%2Fcategories&post=1737"},{"taxonomy":"post_tag","embeddable":true,"href":"https:\/\/przegorzaly.pl\/index.php?rest_route=%2Fwp%2Fv2%2Ftags&post=1737"}],"curies":[{"name":"wp","href":"https:\/\/api.w.org\/{rel}","templated":true}]}}