{"id":1713,"date":"2024-07-21T10:28:49","date_gmt":"2024-07-21T08:28:49","guid":{"rendered":"https:\/\/przegorzaly.pl\/?p=1713"},"modified":"2024-07-21T10:28:49","modified_gmt":"2024-07-21T08:28:49","slug":"xvi-niedziela-zwykla-21-lipca-2024r","status":"publish","type":"post","link":"https:\/\/przegorzaly.pl\/?p=1713","title":{"rendered":"XVI Niedziela Zwyk\u0142a &#8211; 21 lipca, 2024r."},"content":{"rendered":"<p style=\"text-align: center\"><strong>PARAFIA&nbsp; CHRYSTUSA&nbsp; KR\u00d3LA<\/strong><\/p>\n<p style=\"text-align: center\"><strong>OG\u0141OSZENIA&nbsp; DUSZPASTERSKIE \u2013 XVI Niedziela Zwyk\u0142a <\/strong><\/p>\n<p style=\"text-align: center\"><strong>(21 lipca<\/strong><strong>, 2024r.)<\/strong><\/p>\n<p>1.Przez najbli\u017csze trzy niedziele zapraszamy wszystkich parafian do akcji \u201e<strong>Podzielnik odzie\u017cy i ksi\u0105\u017cek<\/strong>\u201d. Mo\u017cna przynosi\u0107 u\u017cywan\u0105 odzie\u017c (jednak wypran\u0105 i w dobrym stanie, nadaj\u0105c\u0105 si\u0119 do u\u017cytku) oraz stare ksi\u0105\u017cki i sk\u0142ada\u0107 je po ka\u017cdej Mszy \u015bw. niedzielnej w salce duszpasterskiej \u2013 wej\u015bcie od ogrodu. Jednocze\u015bnie b\u0119dzie mo\u017cna wybra\u0107 sobie co\u015b z przyniesionej odzie\u017cy i ksi\u0105\u017cek. Akcj\u0119 ko\u0144czymy w niedziel\u0119 4 sierpnia po Mszy \u015bw. wieczornej.<\/p>\n<p>2.W przysz\u0142\u0105 niedziel\u0119 \u2013 <strong>o. Artur Pru\u015b, jezuita &#8211; neoprezbiter<\/strong>, wyg\u0142osi S\u0142owo Bo\u017ce i udzieli prymicyjnego b\u0142ogos\u0142awie\u0144stwa na Mszach \u015bw. o godz. 7:30, 9:00 i 11:00.<\/p>\n<p>3.Z dniem 31 lipca rozpoczynamy w naszej parafii <strong>spotkania grupy rozwijaj\u0105cej umiej\u0119tno\u015bci komunikacji empatycznej, <\/strong>tak bardzo potrzebnej we wszelkich relacjach rodzinnych. Spotkania b\u0119d\u0105 si\u0119 odbywa\u0142y raz w tygodniu przez ca\u0142y rok szkolny i b\u0119d\u0105 p\u0142atne \u2013 90 z\u0142 od osoby za 90 minut zaj\u0119\u0107. Pierwsze spotkanie w dniu 31 lipca o godz. 8:00 rano.<\/p>\n<p>4.Ks. Arcybiskup \u2013 <strong>Marek J\u0119draszewski z\u0142o\u017cy\u0142 rezygnacj\u0119<\/strong> z urz\u0119du Metropolity Krakowskiego na r\u0119ce Ojca \u015awi\u0119tego w zwi\u0105zku z osi\u0105gni\u0119ciem wieku emerytalnego. Ojciec \u015awi\u0119ty przyj\u0105\u0142 rezygnacj\u0119 prosz\u0105c jednocze\u015bnie o pe\u0142nienie urz\u0119du biskupa diecezjalnego do czasu mianowania nast\u0119pcy. Ksi\u0105dz Arcybiskup prosi o modlitwy w intencji Papie\u017ca Franciszka oraz Ko\u015bcio\u0142a Krakowskiego.<\/p>\n<p>5.<strong>W kalendarzu liturgicznym<\/strong>: w poniedzia\u0142ek \u2013 \u015bwi\u0119to \u015aw. Marii Magdaleny; we wtorek &#8211; \u015bwi\u0119to \u015aw. Brygidy, zakonnicy, patronki Europy; w \u015brod\u0119 &#8211; wspomnienie \u015aw. Kingi; w czwartek &#8211; \u015bwi\u0119to \u015aw. Jakuba Aposto\u0142a oraz wspomnienie \u015bw. Krzysztofa \u2013 patrona kierowc\u00f3w \u2013 w tym dniu po ka\u017cdej Mszy \u015bw. b\u0119dzie po\u015bwi\u0119cenie samochod\u00f3w i innych pojazd\u00f3w; w pi\u0105tek wspomnienie \u015bwi\u0119tych Joachima i Anny.<\/p>\n<p>6.W dniu 22 lipca rozpoczyna si\u0119 <strong>nowenna do \u015bwi\u0119tego Ignacego Loyoli<\/strong> \u2013 patrona rekolekcji, \u017co\u0142nierzy, matek oczekuj\u0105cych potomstwa i szcz\u0119\u015bliwych porod\u00f3w. Nowenna trwa 9 dni i ko\u0144czy si\u0119 30 lipca, w przeddzie\u0144 wspomnienia \u015awi\u0119tego Ignacego. W <strong>dniu 31 lipca<\/strong> podczas Mszy \u015bw. o godz. 7:30 i 18:00 b\u0119dzie <strong>po\u015bwi\u0119cenie wody \u015bw. Ignacego<\/strong>. Przeznaczona jest ona przede wszystkim dla matek w b\u0142ogos\u0142awionym stanie i stanowi pomoc przy trudnych, niebezpiecznych porodach. Za wstawiennictwem tego \u015bwi\u0119tego uprasza si\u0119 u Pana Boga \u0142ask\u0119 szcz\u0119\u015bliwego rozwi\u0105zania. Wody u\u017cywamy w najrozmaitszy spos\u00f3b: pij\u0105c j\u0105, myj\u0105c si\u0119 w niej, za\u017cywaj\u0105c k\u0105pieli, tak\u017ce zanurzaj\u0105c w niej palce czy przyjmuj\u0105c pokropienie ni\u0105 (tzw. aspersja). Praktyka u\u017cywania tej wody by\u0142a rozpowszechniona w Europie ju\u017c w XVII wieku, a oficjalne zatwierdzenie przez Papie\u017ca Piusa IX nast\u0105pi\u0142o w roku 1866. Osoby zainteresowane proszone s\u0105 o przyniesienie ze sob\u0105 butelek b\u0105d\u017a naczy\u0144 do brania wody.<\/p>\n","protected":false},"excerpt":{"rendered":"<p>PARAFIA&nbsp; CHRYSTUSA&nbsp; KR\u00d3LA OG\u0141OSZENIA&nbsp; DUSZPASTERSKIE \u2013 XVI Niedziela Zwyk\u0142a (21 lipca, 2024r.) 1.Przez najbli\u017csze trzy niedziele zapraszamy wszystkich parafian do akcji \u201ePodzielnik odzie\u017cy i ksi\u0105\u017cek\u201d. Mo\u017cna przynosi\u0107 u\u017cywan\u0105 odzie\u017c (jednak wypran\u0105 i w dobrym stanie, nadaj\u0105c\u0105 si\u0119 do u\u017cytku) oraz stare ksi\u0105\u017cki i sk\u0142ada\u0107 je po ka\u017cdej Mszy \u015bw. niedzielnej w salce duszpasterskiej \u2013 wej\u015bcie [&hellip;]<\/p>\n","protected":false},"author":207,"featured_media":0,"comment_status":"closed","ping_status":"closed","sticky":false,"template":"","format":"standard","meta":{"_et_pb_use_builder":"","_et_pb_old_content":"","_et_gb_content_width":"","ngg_post_thumbnail":0,"footnotes":""},"categories":[6],"tags":[],"class_list":["post-1713","post","type-post","status-publish","format-standard","hentry","category-ogloszenia-parafialne"],"_links":{"self":[{"href":"https:\/\/przegorzaly.pl\/index.php?rest_route=\/wp\/v2\/posts\/1713","targetHints":{"allow":["GET"]}}],"collection":[{"href":"https:\/\/przegorzaly.pl\/index.php?rest_route=\/wp\/v2\/posts"}],"about":[{"href":"https:\/\/przegorzaly.pl\/index.php?rest_route=\/wp\/v2\/types\/post"}],"author":[{"embeddable":true,"href":"https:\/\/przegorzaly.pl\/index.php?rest_route=\/wp\/v2\/users\/207"}],"replies":[{"embeddable":true,"href":"https:\/\/przegorzaly.pl\/index.php?rest_route=%2Fwp%2Fv2%2Fcomments&post=1713"}],"version-history":[{"count":1,"href":"https:\/\/przegorzaly.pl\/index.php?rest_route=\/wp\/v2\/posts\/1713\/revisions"}],"predecessor-version":[{"id":1714,"href":"https:\/\/przegorzaly.pl\/index.php?rest_route=\/wp\/v2\/posts\/1713\/revisions\/1714"}],"wp:attachment":[{"href":"https:\/\/przegorzaly.pl\/index.php?rest_route=%2Fwp%2Fv2%2Fmedia&parent=1713"}],"wp:term":[{"taxonomy":"category","embeddable":true,"href":"https:\/\/przegorzaly.pl\/index.php?rest_route=%2Fwp%2Fv2%2Fcategories&post=1713"},{"taxonomy":"post_tag","embeddable":true,"href":"https:\/\/przegorzaly.pl\/index.php?rest_route=%2Fwp%2Fv2%2Ftags&post=1713"}],"curies":[{"name":"wp","href":"https:\/\/api.w.org\/{rel}","templated":true}]}}