{"id":1686,"date":"2024-05-25T18:24:29","date_gmt":"2024-05-25T16:24:29","guid":{"rendered":"https:\/\/przegorzaly.pl\/?p=1686"},"modified":"2024-05-25T18:24:29","modified_gmt":"2024-05-25T16:24:29","slug":"niedziela-zeslania-ducha-swietego-19-maja-2024r","status":"publish","type":"post","link":"https:\/\/przegorzaly.pl\/?p=1686","title":{"rendered":"Niedziela Zes\u0142ania Ducha \u015awi\u0119tego &#8211; 19 maja, 2024r."},"content":{"rendered":"<p style=\"text-align: center\"><strong>PARAFIA&nbsp; CHRYSTUSA&nbsp; KR\u00d3LA<\/strong><\/p>\n<p style=\"text-align: center\"><strong>OG\u0141OSZENIA&nbsp; DUSZPASTERSKIE \u2013 Niedziela Zes\u0142ania Ducha \u015awi\u0119tego <\/strong><\/p>\n<p style=\"text-align: center\"><strong>(19 maja, 2024r.)<\/strong><\/p>\n<p style=\"text-align: center\"><strong>&nbsp;<\/strong><\/p>\n<p>1.W Wigili\u0119 Niedzieli Zes\u0142ania Ducha \u015awi\u0119tego &#8211; bezpo\u015brednio po tej Mszy \u015bwi\u0119tej b\u0119dzie nabo\u017ce\u0144stwo majowe, a po nim czuwanie eucharystyczne: adoracja Naj\u015bwi\u0119tszego sakramentu, r\u00f3\u017caniec, \u015bpiewy, modlitwy, rozwa\u017canie Pisma \u015awi\u0119tego, zako\u0144czymy Apelem Jasnog\u00f3rskim o godz. 21:00.<\/p>\n<p>2.Rada Parafialna serdecznie dzi\u0119kuje za w\u0142\u0105czenie si\u0119 w akcj\u0119 pieczenia i sprzeda\u017cy ciasta w zesz\u0142ym tygodniu. Zebrali\u015bmy w simie: &nbsp;zebrali\u015bmy 4845 z\u0142. S\u0105 to pieni\u0105dze na pokrycie najnowszych inwestycji zwi\u0105zanych z oprzyrz\u0105dowaniem slajd\u00f3w i organ\u00f3w.<\/p>\n<p>3.Przez ca\u0142y miesi\u0105c maj zapraszamy na <strong>nabo\u017ce\u0144stwa majowe<\/strong> \u2013 codziennie po Mszy \u015bw. o godz. 18:00.<\/p>\n<p>4.Dzi\u015b grupa m\u0142odzie\u017cy przyst\u0105pi do sakramentu bierzmowania podczas Mszy \u015bw. o godz. 11:00, za\u015b w przysz\u0142a niedziel\u0119 grupa dzieci przyst\u0105pi do swojej pierwszej Komunii \u015bw. r\u00f3wnie\u017c podczas Mszy \u015bw. o godz. 11:00.<\/p>\n<p>5.Bardzo dzi\u0119kujemy wszystkim, kt\u00f3rzy zdeklarowali pomoc przy urz\u0105dzaniu o\u0142tarzy na procesj\u0119 Bo\u017cego Cia\u0142a. W tym roku o\u0142tarze b\u0119d\u0105 w nast\u0119puj\u0105cych miejscach: przed ko\u015bcio\u0142em, przy ul. Ksi\u0119cia J\u00f3zefa 98, przy ul. Kamedulskiej 70 (przychodnia lekarska) oraz przy ul. Szyszko-Bohusza 2. Procesja odb\u0119dzie si\u0119 w dniu 30 maja.<\/p>\n<p>6.Planujemy zorganizowanie pikniku parafialnego w niedziel\u0119 \u2013 9 czerwca, Ojciec Proboszcz i Rada Parafialna prosz\u0105 o kontakt wszyst5kich, kt\u00f3rzy chcieliby si\u0119 w\u0142\u0105czy\u0107 w przygotowanie pikniku \u2013 gry i zabawy dla dzieci, konkursy dla doros\u0142ych, organizowanie pocz\u0119stunku.<\/p>\n<p>7.W kalendarzu Liturgicznym: w poniedzia\u0142ek \u015bwi\u0119to Naj\u015bwi\u0119tszej Maryi Panny \u2013 Matki Ko\u015bcio\u0142a; w czwartek \u2013 \u015bwi\u0119to Jezusa Chrystusa Najwy\u017cszego Kap\u0142ana.<\/p>\n","protected":false},"excerpt":{"rendered":"<p>PARAFIA&nbsp; CHRYSTUSA&nbsp; KR\u00d3LA OG\u0141OSZENIA&nbsp; DUSZPASTERSKIE \u2013 Niedziela Zes\u0142ania Ducha \u015awi\u0119tego (19 maja, 2024r.) &nbsp; 1.W Wigili\u0119 Niedzieli Zes\u0142ania Ducha \u015awi\u0119tego &#8211; bezpo\u015brednio po tej Mszy \u015bwi\u0119tej b\u0119dzie nabo\u017ce\u0144stwo majowe, a po nim czuwanie eucharystyczne: adoracja Naj\u015bwi\u0119tszego sakramentu, r\u00f3\u017caniec, \u015bpiewy, modlitwy, rozwa\u017canie Pisma \u015awi\u0119tego, zako\u0144czymy Apelem Jasnog\u00f3rskim o godz. 21:00. 2.Rada Parafialna serdecznie dzi\u0119kuje za w\u0142\u0105czenie [&hellip;]<\/p>\n","protected":false},"author":207,"featured_media":0,"comment_status":"closed","ping_status":"closed","sticky":false,"template":"","format":"standard","meta":{"_et_pb_use_builder":"","_et_pb_old_content":"","_et_gb_content_width":"","ngg_post_thumbnail":0,"footnotes":""},"categories":[6],"tags":[],"class_list":["post-1686","post","type-post","status-publish","format-standard","hentry","category-ogloszenia-parafialne"],"_links":{"self":[{"href":"https:\/\/przegorzaly.pl\/index.php?rest_route=\/wp\/v2\/posts\/1686","targetHints":{"allow":["GET"]}}],"collection":[{"href":"https:\/\/przegorzaly.pl\/index.php?rest_route=\/wp\/v2\/posts"}],"about":[{"href":"https:\/\/przegorzaly.pl\/index.php?rest_route=\/wp\/v2\/types\/post"}],"author":[{"embeddable":true,"href":"https:\/\/przegorzaly.pl\/index.php?rest_route=\/wp\/v2\/users\/207"}],"replies":[{"embeddable":true,"href":"https:\/\/przegorzaly.pl\/index.php?rest_route=%2Fwp%2Fv2%2Fcomments&post=1686"}],"version-history":[{"count":1,"href":"https:\/\/przegorzaly.pl\/index.php?rest_route=\/wp\/v2\/posts\/1686\/revisions"}],"predecessor-version":[{"id":1687,"href":"https:\/\/przegorzaly.pl\/index.php?rest_route=\/wp\/v2\/posts\/1686\/revisions\/1687"}],"wp:attachment":[{"href":"https:\/\/przegorzaly.pl\/index.php?rest_route=%2Fwp%2Fv2%2Fmedia&parent=1686"}],"wp:term":[{"taxonomy":"category","embeddable":true,"href":"https:\/\/przegorzaly.pl\/index.php?rest_route=%2Fwp%2Fv2%2Fcategories&post=1686"},{"taxonomy":"post_tag","embeddable":true,"href":"https:\/\/przegorzaly.pl\/index.php?rest_route=%2Fwp%2Fv2%2Ftags&post=1686"}],"curies":[{"name":"wp","href":"https:\/\/api.w.org\/{rel}","templated":true}]}}