{"id":1621,"date":"2024-03-28T14:21:08","date_gmt":"2024-03-28T13:21:08","guid":{"rendered":"https:\/\/przegorzaly.pl\/?p=1621"},"modified":"2024-03-28T14:21:08","modified_gmt":"2024-03-28T13:21:08","slug":"msze-sw-gregorianskie-w-intencji-s-p-zbyszka-marka-sj","status":"publish","type":"post","link":"https:\/\/przegorzaly.pl\/?p=1621","title":{"rendered":"Msze \u015bw. gregoria\u0144skie w intencji \u015b.p. Zbyszka Marka SJ"},"content":{"rendered":"<p>Msze \u015bw. Gregoria\u0144skie w intencji \u015b.p. Zbigniewa Marka SJ<\/p>\n<table>\n<tbody>\n<tr>\n<td width=\"302\">Data<\/td>\n<td width=\"302\">Miejsce i godzina<\/td>\n<\/tr>\n<tr>\n<td width=\"302\">1.kwietnia<\/td>\n<td width=\"302\">Kaplica domowa<\/td>\n<\/tr>\n<tr>\n<td width=\"302\">2.kwietnia<\/td>\n<td width=\"302\">7:30 \u2013 ko\u015bci\u00f3\u0142<\/td>\n<\/tr>\n<tr>\n<td width=\"302\">3.kwietnia<\/td>\n<td width=\"302\">7:30 \u2013 ko\u015bci\u00f3\u0142<\/td>\n<\/tr>\n<tr>\n<td width=\"302\">4.kwietnia<\/td>\n<td width=\"302\">7:30 \u2013 ko\u015bci\u00f3\u0142<\/td>\n<\/tr>\n<tr>\n<td width=\"302\">5.kwietnia<\/td>\n<td width=\"302\">7:30 \u2013 ko\u015bci\u00f3\u0142<\/td>\n<\/tr>\n<tr>\n<td width=\"302\">6.kwietnia<\/td>\n<td width=\"302\">7:30 \u2013 ko\u015bci\u00f3\u0142<\/td>\n<\/tr>\n<tr>\n<td width=\"302\">7.kwietnia<\/td>\n<td width=\"302\">11:00 \u2013 ko\u015bci\u00f3\u0142<\/td>\n<\/tr>\n<tr>\n<td width=\"302\">8.kwietnia<\/td>\n<td width=\"302\">18:00 \u2013 ko\u015bci\u00f3\u0142<\/td>\n<\/tr>\n<tr>\n<td width=\"302\">9.kwietnia<\/td>\n<td width=\"302\">7:30 \u2013 ko\u015bci\u00f3\u0142<\/td>\n<\/tr>\n<tr>\n<td width=\"302\">10.kwietnia<\/td>\n<td width=\"302\">7:30 \u2013 ko\u015bci\u00f3\u0142<\/td>\n<\/tr>\n<tr>\n<td width=\"302\">11.kwietnia<\/td>\n<td width=\"302\">18:00 \u2013 ko\u015bci\u00f3\u0142<\/td>\n<\/tr>\n<tr>\n<td width=\"302\">12.kwietnia<\/td>\n<td width=\"302\">18:00 \u2013 ko\u015bci\u00f3\u0142<\/td>\n<\/tr>\n<tr>\n<td width=\"302\">13.kwietnia<\/td>\n<td width=\"302\">7:30 \u2013 ko\u015bci\u00f3\u0142<\/td>\n<\/tr>\n<tr>\n<td width=\"302\">14.kwietnia<\/td>\n<td width=\"302\">Kaplica domowa<\/td>\n<\/tr>\n<tr>\n<td width=\"302\">15.kwietnia<\/td>\n<td width=\"302\">7:30 \u2013 ko\u015bci\u00f3\u0142<\/td>\n<\/tr>\n<tr>\n<td width=\"302\">16.kwietnia<\/td>\n<td width=\"302\">7:30 \u2013 ko\u015bci\u00f3\u0142<\/td>\n<\/tr>\n<tr>\n<td width=\"302\">17.kwietnia<\/td>\n<td width=\"302\">7:30 \u2013 ko\u015bci\u00f3\u0142<\/td>\n<\/tr>\n<tr>\n<td width=\"302\">18.kwietnia<\/td>\n<td width=\"302\">7:30 \u2013 ko\u015bci\u00f3\u0142<\/td>\n<\/tr>\n<tr>\n<td width=\"302\">19.kwietnia<\/td>\n<td width=\"302\">7:30 \u2013 ko\u015bci\u00f3\u0142<\/td>\n<\/tr>\n<tr>\n<td width=\"302\">20.kwietnia<\/td>\n<td width=\"302\">7:30 \u2013 ko\u015bci\u00f3\u0142<\/td>\n<\/tr>\n<tr>\n<td width=\"302\">21.kwietnia<\/td>\n<td width=\"302\">18:00 \u2013 ko\u015bci\u00f3\u0142<\/td>\n<\/tr>\n<tr>\n<td width=\"302\">22.kwietnia<\/td>\n<td width=\"302\">7:30 \u2013 ko\u015bci\u00f3\u0142<\/td>\n<\/tr>\n<tr>\n<td width=\"302\">23.kwietnia<\/td>\n<td width=\"302\">7:30 \u2013 ko\u015bci\u00f3\u0142<\/td>\n<\/tr>\n<tr>\n<td width=\"302\">24.kwietnia<\/td>\n<td width=\"302\">7:30 \u2013 ko\u015bci\u00f3\u0142<\/td>\n<\/tr>\n<tr>\n<td width=\"302\">25.kwietnia<\/td>\n<td width=\"302\">7:30 \u2013 ko\u015bci\u00f3\u0142<\/td>\n<\/tr>\n<tr>\n<td width=\"302\">26.kwietnia<\/td>\n<td width=\"302\">Kaplica domowa<\/td>\n<\/tr>\n<tr>\n<td width=\"302\">27.kwietnia<\/td>\n<td width=\"302\">7:30 \u2013 ko\u015bci\u00f3\u0142<\/td>\n<\/tr>\n<tr>\n<td width=\"302\">28.kwietnia<\/td>\n<td width=\"302\">11:00 \u2013 ko\u015bci\u00f3\u0142<\/td>\n<\/tr>\n<tr>\n<td width=\"302\">29.kwietnia<\/td>\n<td width=\"302\">7:30 \u2013 ko\u015bci\u00f3\u0142<\/td>\n<\/tr>\n<tr>\n<td width=\"302\">30.kwietnia<\/td>\n<td width=\"302\">7:30 \u2013 ko\u015bci\u00f3\u0142<\/td>\n<\/tr>\n<\/tbody>\n<\/table>\n<p>&nbsp;<\/p>\n","protected":false},"excerpt":{"rendered":"<p>Msze \u015bw. Gregoria\u0144skie w intencji \u015b.p. Zbigniewa Marka SJ Data Miejsce i godzina 1.kwietnia Kaplica domowa 2.kwietnia 7:30 \u2013 ko\u015bci\u00f3\u0142 3.kwietnia 7:30 \u2013 ko\u015bci\u00f3\u0142 4.kwietnia 7:30 \u2013 ko\u015bci\u00f3\u0142 5.kwietnia 7:30 \u2013 ko\u015bci\u00f3\u0142 6.kwietnia 7:30 \u2013 ko\u015bci\u00f3\u0142 7.kwietnia 11:00 \u2013 ko\u015bci\u00f3\u0142 8.kwietnia 18:00 \u2013 ko\u015bci\u00f3\u0142 9.kwietnia 7:30 \u2013 ko\u015bci\u00f3\u0142 10.kwietnia 7:30 \u2013 ko\u015bci\u00f3\u0142 11.kwietnia 18:00 \u2013 [&hellip;]<\/p>\n","protected":false},"author":207,"featured_media":0,"comment_status":"closed","ping_status":"closed","sticky":false,"template":"","format":"standard","meta":{"_et_pb_use_builder":"","_et_pb_old_content":"","_et_gb_content_width":"","ngg_post_thumbnail":0,"footnotes":""},"categories":[6],"tags":[],"class_list":["post-1621","post","type-post","status-publish","format-standard","hentry","category-ogloszenia-parafialne"],"_links":{"self":[{"href":"https:\/\/przegorzaly.pl\/index.php?rest_route=\/wp\/v2\/posts\/1621","targetHints":{"allow":["GET"]}}],"collection":[{"href":"https:\/\/przegorzaly.pl\/index.php?rest_route=\/wp\/v2\/posts"}],"about":[{"href":"https:\/\/przegorzaly.pl\/index.php?rest_route=\/wp\/v2\/types\/post"}],"author":[{"embeddable":true,"href":"https:\/\/przegorzaly.pl\/index.php?rest_route=\/wp\/v2\/users\/207"}],"replies":[{"embeddable":true,"href":"https:\/\/przegorzaly.pl\/index.php?rest_route=%2Fwp%2Fv2%2Fcomments&post=1621"}],"version-history":[{"count":1,"href":"https:\/\/przegorzaly.pl\/index.php?rest_route=\/wp\/v2\/posts\/1621\/revisions"}],"predecessor-version":[{"id":1622,"href":"https:\/\/przegorzaly.pl\/index.php?rest_route=\/wp\/v2\/posts\/1621\/revisions\/1622"}],"wp:attachment":[{"href":"https:\/\/przegorzaly.pl\/index.php?rest_route=%2Fwp%2Fv2%2Fmedia&parent=1621"}],"wp:term":[{"taxonomy":"category","embeddable":true,"href":"https:\/\/przegorzaly.pl\/index.php?rest_route=%2Fwp%2Fv2%2Fcategories&post=1621"},{"taxonomy":"post_tag","embeddable":true,"href":"https:\/\/przegorzaly.pl\/index.php?rest_route=%2Fwp%2Fv2%2Ftags&post=1621"}],"curies":[{"name":"wp","href":"https:\/\/api.w.org\/{rel}","templated":true}]}}