{"id":1619,"date":"2024-03-25T18:46:39","date_gmt":"2024-03-25T17:46:39","guid":{"rendered":"https:\/\/przegorzaly.pl\/?p=1619"},"modified":"2024-03-25T18:46:39","modified_gmt":"2024-03-25T17:46:39","slug":"niedziela-palmowa-24-marca-2024r","status":"publish","type":"post","link":"https:\/\/przegorzaly.pl\/?p=1619","title":{"rendered":"Niedziela Palmowa &#8211; 24 marca, 2024r."},"content":{"rendered":"<p style=\"text-align: center\"><strong>PARAFIA &nbsp;CHRYSTUSA &nbsp;KR\u00d3LA<\/strong><\/p>\n<p style=\"text-align: center\"><strong>OG\u0141OSZENIA &nbsp;DUSZPASTERSKIE &nbsp;\u2013 &nbsp;Niedziela Palmowa (24 marca, &nbsp;2024r.)<\/strong><\/p>\n<p>1.Wielki Tydzie\u0144 otwiera Niedziela Palmowa. Nazwa tego dnia pochodzi od wprowadzonego w XI w. zwyczaju \u015bwi\u0119cenia palm. Liturgia bowiem wspomina uroczysty wjazd Jezusa do Jerozolimy, bezpo\u015brednio poprzedzaj\u0105cy Jego m\u0119k\u0119 i \u015bmier\u0107 na krzy\u017cu.<\/p>\n<p>2.Zapraszamy na Nabo\u017ce\u0144stwo Gorzkich \u017bali o godzinie 17.15. Zbi\u00f3rka ministrancka \u2013 dzi\u015b o godz. 15:30. Zapraszamy wszystkich m\u0142odych ludzi, kt\u00f3rzy chcieliby by\u0107 bli\u017cej o\u0142tarza nie tylko w te \u015bwi\u0119ta, ale w ci\u0105gu ca\u0142ego roku. Zapraszamy r\u00f3wnie\u017c dziewcz\u0119ta.<\/p>\n<p>3.W zakrystii mo\u017cna naby\u0107 baranki wielkanocne, rozprowadzane przez Caritas Archidiecezji Krakowskiej.<\/p>\n<p>4.W zakrystii mo\u017cna zg\u0142osi\u0107 ch\u0119\u0107 udzia\u0142u w obs\u0142udze liturgicznej Triduum Paschalnego \u2013 czytania liturgiczne, \u015bpiewanie psalm\u00f3w, procesja z darami, pomoc w przeprowadzeniu procesji rezurekcyjnej. Zach\u0119camy do w\u0142\u0105czenia si\u0119 w akcj\u0119 liturgiczn\u0105.<\/p>\n<p>5.W Wielkim Tygodniu od poniedzia\u0142ku do soboty w\u0142\u0105cznie okazja do spowiedzi \u015bwi\u0119tej p\u00f3\u0142 godziny przed liturgi\u0105 wieczorn\u0105, za\u015b od poniedzia\u0142ku do \u015brody r\u00f3wnie\u017c podczas Mszy \u015bw. porannej o godz. 7:30 . W pierwszy i drugi dzie\u0144 \u015awi\u0105t Wielkanocnych nie spowiadamy.<\/p>\n<p>6.W WIELKI CZWARTEK \u2013 MSZ\u0104 \u015aWI\u0118T\u0104 WIECZERZY PA\u0143SKIEJ O GODZINIE 18.00 rozpoczynamy celebracj\u0119 \u015aWI\u0118TEGO TRIDUUM PASCHALNEGO. Po Mszy \u015bwi\u0119tej Gorzkie \u017bale i Adoracja Pana Jezusa w Ciemnicy do godziny 20.00. W tym dniu nie ma Mszy \u015bwi\u0119tej porannej.<\/p>\n<p>7.W WIELKI PI\u0104TEK M\u0118KI PA\u0143SKIEJ \u2013 Nabo\u017ce\u0144stwo Drogi Krzy\u017cowej i Koronka do Mi\u0142osierdzia Bo\u017cego o godzinie 15.00. LITURGIA M\u0118KI PA\u0143SKIEJ O GODZINIE 18.00. Bezpo\u015brednio po niej Gorzkie \u017bale i Adoracja Pana Jezusa w Grobie do godziny 21.00. Przypominamy, \u017ce wszystkich, mi\u0119dzy osiemnastym a sze\u015b\u0107dziesi\u0105tym rokiem \u017cycia, w Wielki Pi\u0105tek obowi\u0105zuje post, natomiast wszystkich, kt\u00f3rzy uko\u0144czyli czternasty rok \u017cycia, obowi\u0105zuje wstrzemi\u0119\u017aliwo\u015b\u0107 od pokarm\u00f3w mi\u0119snych.<\/p>\n<p>8.\u015awi\u0119cenie pokarm\u00f3w w Wielk\u0105 Sobot\u0119 od godziny 10.00 do 14.00, co p\u00f3\u0142 godziny.<\/p>\n<p>9.LITURGIA WIGILII PASCHALNEJ W WIELK\u0104 SOBOT\u0118 ROZPOCZNIE SI\u0118 O GODZINIE 19.00&nbsp; i zako\u0144czy si\u0119 procesj\u0105 rezurekcyjn\u0105. Prosimy o przyniesienie ze sob\u0105 \u015bwiec. Pami\u0119tajmy r\u00f3wnie\u017c w ci\u0105gu dnia o Adoracji Pana Jezusa w Grobie.<\/p>\n","protected":false},"excerpt":{"rendered":"<p>PARAFIA &nbsp;CHRYSTUSA &nbsp;KR\u00d3LA OG\u0141OSZENIA &nbsp;DUSZPASTERSKIE &nbsp;\u2013 &nbsp;Niedziela Palmowa (24 marca, &nbsp;2024r.) 1.Wielki Tydzie\u0144 otwiera Niedziela Palmowa. Nazwa tego dnia pochodzi od wprowadzonego w XI w. zwyczaju \u015bwi\u0119cenia palm. Liturgia bowiem wspomina uroczysty wjazd Jezusa do Jerozolimy, bezpo\u015brednio poprzedzaj\u0105cy Jego m\u0119k\u0119 i \u015bmier\u0107 na krzy\u017cu. 2.Zapraszamy na Nabo\u017ce\u0144stwo Gorzkich \u017bali o godzinie 17.15. Zbi\u00f3rka ministrancka \u2013 [&hellip;]<\/p>\n","protected":false},"author":207,"featured_media":0,"comment_status":"closed","ping_status":"closed","sticky":false,"template":"","format":"standard","meta":{"_et_pb_use_builder":"","_et_pb_old_content":"","_et_gb_content_width":"","ngg_post_thumbnail":0,"footnotes":""},"categories":[6],"tags":[],"class_list":["post-1619","post","type-post","status-publish","format-standard","hentry","category-ogloszenia-parafialne"],"_links":{"self":[{"href":"https:\/\/przegorzaly.pl\/index.php?rest_route=\/wp\/v2\/posts\/1619","targetHints":{"allow":["GET"]}}],"collection":[{"href":"https:\/\/przegorzaly.pl\/index.php?rest_route=\/wp\/v2\/posts"}],"about":[{"href":"https:\/\/przegorzaly.pl\/index.php?rest_route=\/wp\/v2\/types\/post"}],"author":[{"embeddable":true,"href":"https:\/\/przegorzaly.pl\/index.php?rest_route=\/wp\/v2\/users\/207"}],"replies":[{"embeddable":true,"href":"https:\/\/przegorzaly.pl\/index.php?rest_route=%2Fwp%2Fv2%2Fcomments&post=1619"}],"version-history":[{"count":1,"href":"https:\/\/przegorzaly.pl\/index.php?rest_route=\/wp\/v2\/posts\/1619\/revisions"}],"predecessor-version":[{"id":1620,"href":"https:\/\/przegorzaly.pl\/index.php?rest_route=\/wp\/v2\/posts\/1619\/revisions\/1620"}],"wp:attachment":[{"href":"https:\/\/przegorzaly.pl\/index.php?rest_route=%2Fwp%2Fv2%2Fmedia&parent=1619"}],"wp:term":[{"taxonomy":"category","embeddable":true,"href":"https:\/\/przegorzaly.pl\/index.php?rest_route=%2Fwp%2Fv2%2Fcategories&post=1619"},{"taxonomy":"post_tag","embeddable":true,"href":"https:\/\/przegorzaly.pl\/index.php?rest_route=%2Fwp%2Fv2%2Ftags&post=1619"}],"curies":[{"name":"wp","href":"https:\/\/api.w.org\/{rel}","templated":true}]}}