{"id":1616,"date":"2024-03-18T17:37:01","date_gmt":"2024-03-18T16:37:01","guid":{"rendered":"https:\/\/przegorzaly.pl\/?p=1616"},"modified":"2024-03-18T17:37:01","modified_gmt":"2024-03-18T16:37:01","slug":"5-niedziela-wielkiego-postu-17-marca-2024r","status":"publish","type":"post","link":"https:\/\/przegorzaly.pl\/?p=1616","title":{"rendered":"5 Niedziela Wielkiego Postu &#8211; 17 marca, 2024r."},"content":{"rendered":"<p style=\"text-align: center\"><strong>PARAFIA&nbsp; CHRYSTUSA&nbsp; KR\u00d3LA<\/strong><\/p>\n<p style=\"text-align: center\"><strong>OG\u0141OSZENIA&nbsp; DUSZPASTERSKIE \u2013 5 Niedziela Wielkiego Postu <\/strong><\/p>\n<p style=\"text-align: center\"><strong>(17 marca, 2024r.)<\/strong><\/p>\n<p>1.W okresie Wielkiego Postu zapraszamy na nabo\u017ce\u0144stwa DROGI KRZY\u017bOWEJ w pi\u0105tki o godz. 17.30, za\u015b w niedziele o godz. 17:15 na nabo\u017ce\u0144stwa GORZKICH \u017bALI. W dniu 22 marca b\u0119dzie mia\u0142a miejsca sceniczna droga krzy\u017cowa z udzia\u0142em dzieci z naszej parafii. Rodzic\u00f3w i dzieci prosimy o przybycie na godz. 17:00, \u017ceby przygotowa\u0107 nabo\u017ce\u0144stwo.<\/p>\n<p>2.Spotkanie m\u0142odzie\u017cy przygotowuj\u0105cej si\u0119 do bierzmowania z klas 8-ych dzi\u015b wyj\u0105tkowo o godz. 10:00. Sakrament bierzmowania b\u0119dzie udzielony w Niedziel\u0119 Zes\u0142ania Ducha \u015awi\u0119tego \u2013 19 maja.<\/p>\n<p>3.Spotkanie m\u0142odzie\u017cy przygotowuj\u0105cej si\u0119 do bierzmowania z klas 7-ych b\u0119dzie ju\u017c po \u015bwi\u0119tach w dniu 7 kwietnia o godz. 17:00.<\/p>\n<p>4.W zakrystii mo\u017cna naby\u0107 baranki wielkanocne.<\/p>\n<p>5.Og\u0142oszenie samorz\u0105dowe: W przysz\u0142\u0105 sobot\u0119 (23 marca) odb\u0119dzie si\u0119 Pierwsze S\u0105siedzkie Sprz\u0105tanie Przegorza\u0142 organizowane przez Klub Kultury Przegorza\u0142y oraz Rad\u0119 Dzielnicy VII Zwierzyniec. Spotykamy si\u0119 o godz. 11.00 w budynku Klubu przy ul. Kamedulskiej 70. Po pobraniu dost\u0119pnych tam materia\u0142\u00f3w (worki, r\u0119kawiczki, chwytaki), ruszamy na oko\u0142o-przegorzalskie szlaki. Oko\u0142o godz. 16.00 z wyznaczonych lokalizacji na terenie osiedla z\u0142o\u017cone tam \u015bmieci zostan\u0105 odebrane przez MPO.<\/p>\n<p>6.We wtorek przypada Uroczysto\u015b\u0107 \u015bw. J\u00f3zefa, Oblubie\u0144ca Naj\u015bwi\u0119tszej Maryi Panny, natomiast przysz\u0142a niedziela to b\u0119dzie Niedziela Palmowa (Niedziela M\u0119ki Pa\u0144skiej), na Mszach \u015bw. b\u0119dzie po\u015bwi\u0119cenie palem oraz czytania opisu M\u0119ki Pa\u0144skiej.<\/p>\n<p>7.Episkopat Polski wezwa\u0142 wiernych do Nowenny w intencji Ojczyzny, zgody narodowej i poszanowania \u017cycia ludzkiego za wstawiennictwem m\u0119czennik\u00f3w polskich: \u015bw. Andrzeja Boboli i b\u0142. Jerzego Popie\u0142uszki. W dniu dzisiejszym wypada modlitwa \u201eO pojednanie narodowe, m\u0105dro\u015b\u0107 dla rz\u0105dz\u0105cych i solidarno\u015b\u0107 spo\u0142eczn\u0105\u201d.<\/p>\n<p>M\u00f3dlmy si\u0119 wsp\u00f3lnie Modlitw\u0105 za Ojczyzn\u0119 ks. Piotra Skargi SJ<\/p>\n<p>Bo\u017ce, Rz\u0105dco i Panie narod\u00f3w, z r\u0119ki i karno\u015bci Twojej racz nas nie wypuszcza\u0107, a za przyczyn\u0105 Naj\u015bwi\u0119tszej Panny, Kr\u00f3lowej naszej, b\u0142ogos\u0142aw Ojczy\u017anie naszej, by Tobie zawsze wierna, chwa\u0142\u0119 przynios\u0142a Imieniu Twemu, a syny swe wiod\u0142a ku szcz\u0119\u015bliwo\u015bci.&nbsp;Wszechmog\u0105cy wieczny Bo\u017ce, spu\u015b\u0107 nam szerok\u0105 i g\u0142\u0119bok\u0105 mi\u0142o\u015b\u0107 ku braciom i najmilszej Matce, Ojczy\u017anie naszej, by\u015bmy jej i ludowi Twemu, swoich po\u017cytk\u00f3w zapomniawszy, mogli s\u0142u\u017cy\u0107 uczciwie.&nbsp;Ze\u015blij Ducha \u015awi\u0119tego na s\u0142ugi Twoje, rz\u0105dy kraju naszego sprawuj\u0105ce, by wedle woli Twojej ludem sobie powierzonym m\u0105drze i sprawiedliwie zdo\u0142ali kierowa\u0107. Przez Chrystusa, Pana naszego.&nbsp;Amen.<\/p>\n<p>Wi\u0119cej informacji o Nowennie na stronie:&nbsp;<strong>nowenna2120.pl<\/strong><\/p>\n<p>&nbsp;<\/p>\n<p>&nbsp;<\/p>\n","protected":false},"excerpt":{"rendered":"<p>PARAFIA&nbsp; CHRYSTUSA&nbsp; KR\u00d3LA OG\u0141OSZENIA&nbsp; DUSZPASTERSKIE \u2013 5 Niedziela Wielkiego Postu (17 marca, 2024r.) 1.W okresie Wielkiego Postu zapraszamy na nabo\u017ce\u0144stwa DROGI KRZY\u017bOWEJ w pi\u0105tki o godz. 17.30, za\u015b w niedziele o godz. 17:15 na nabo\u017ce\u0144stwa GORZKICH \u017bALI. W dniu 22 marca b\u0119dzie mia\u0142a miejsca sceniczna droga krzy\u017cowa z udzia\u0142em dzieci z naszej parafii. Rodzic\u00f3w i [&hellip;]<\/p>\n","protected":false},"author":207,"featured_media":0,"comment_status":"closed","ping_status":"closed","sticky":false,"template":"","format":"standard","meta":{"_et_pb_use_builder":"","_et_pb_old_content":"","_et_gb_content_width":"","ngg_post_thumbnail":0,"footnotes":""},"categories":[6],"tags":[],"class_list":["post-1616","post","type-post","status-publish","format-standard","hentry","category-ogloszenia-parafialne"],"_links":{"self":[{"href":"https:\/\/przegorzaly.pl\/index.php?rest_route=\/wp\/v2\/posts\/1616","targetHints":{"allow":["GET"]}}],"collection":[{"href":"https:\/\/przegorzaly.pl\/index.php?rest_route=\/wp\/v2\/posts"}],"about":[{"href":"https:\/\/przegorzaly.pl\/index.php?rest_route=\/wp\/v2\/types\/post"}],"author":[{"embeddable":true,"href":"https:\/\/przegorzaly.pl\/index.php?rest_route=\/wp\/v2\/users\/207"}],"replies":[{"embeddable":true,"href":"https:\/\/przegorzaly.pl\/index.php?rest_route=%2Fwp%2Fv2%2Fcomments&post=1616"}],"version-history":[{"count":1,"href":"https:\/\/przegorzaly.pl\/index.php?rest_route=\/wp\/v2\/posts\/1616\/revisions"}],"predecessor-version":[{"id":1617,"href":"https:\/\/przegorzaly.pl\/index.php?rest_route=\/wp\/v2\/posts\/1616\/revisions\/1617"}],"wp:attachment":[{"href":"https:\/\/przegorzaly.pl\/index.php?rest_route=%2Fwp%2Fv2%2Fmedia&parent=1616"}],"wp:term":[{"taxonomy":"category","embeddable":true,"href":"https:\/\/przegorzaly.pl\/index.php?rest_route=%2Fwp%2Fv2%2Fcategories&post=1616"},{"taxonomy":"post_tag","embeddable":true,"href":"https:\/\/przegorzaly.pl\/index.php?rest_route=%2Fwp%2Fv2%2Ftags&post=1616"}],"curies":[{"name":"wp","href":"https:\/\/api.w.org\/{rel}","templated":true}]}}