{"id":1614,"date":"2024-03-18T17:32:45","date_gmt":"2024-03-18T16:32:45","guid":{"rendered":"https:\/\/przegorzaly.pl\/?p=1614"},"modified":"2024-03-18T17:32:45","modified_gmt":"2024-03-18T16:32:45","slug":"4-niedziela-wielkiego-postu-10-marca-2024r","status":"publish","type":"post","link":"https:\/\/przegorzaly.pl\/?p=1614","title":{"rendered":"4 Niedziela Wielkiego Postu &#8211; 10 marca, 2024r."},"content":{"rendered":"<p style=\"text-align: center\"><strong>PARAFIA&nbsp; CHRYSTUSA&nbsp; KR\u00d3LA<\/strong><\/p>\n<p style=\"text-align: center\"><strong>OG\u0141OSZENIA&nbsp; DUSZPASTERSKIE \u2013 4 Niedziela Wielkiego Postu <\/strong><\/p>\n<p style=\"text-align: center\"><strong>(10 marca, 2024r.)<\/strong><\/p>\n<p style=\"text-align: center\"><strong>&nbsp;<\/strong><\/p>\n<p>1.Czwarta Niedziela Wielkiego Postu nazywana jest niedziel\u0105 L\u00e6tare. To \u0142aci\u0144skie s\u0142owo oznacza &#8222;Cieszcie si\u0119&#8221; i rozpoczyna antyfon\u0119 na wej\u015bcie, przeznaczon\u0105 na dzisiejsz\u0105 liturgi\u0119. Wolno dzi\u015b u\u017cywa\u0107 szat liturgicznych koloru r\u00f3\u017cowego, ozdabia\u0107 o\u0142tarz kwiatami i wykorzystywa\u0107 instrumenty muzyczne w \u015bpiewie.<\/p>\n<p>2.W naszej Parafii witamy o. Maciej Biskupa, dominikanina, kt\u00f3ry g\u0142osi nam rekolekcje wielkopostne \u2013 przez ca\u0142\u0105 niedziel\u0119 oraz od poniedzia\u0142ku do \u015brody w godz. 9:00 i 18:00. Tytu\u0142 rekolekcji \u201eUwa\u017cno\u015b\u0107 w nawr\u00f3ceniu\u201d. Przy okazji rekolekcji mo\u017cna si\u0119 zaopatrzy\u0107 w ksi\u0105\u017cki o. Biskupa.<\/p>\n<p>3.Serdecznie dzi\u0119kujemy za wsparcie pokrywania koszt\u00f3w remontu naszego ko\u015bcio\u0142a. W Zesz\u0142\u0105 niedziel\u0119 zebrali\u015bmy na tac\u0119: 4560 z\u0142, co daje nam ca\u0142o\u015bciow\u0105 kwot\u0119 85&nbsp;280 z\u0142 i 85 EUR. Przyjmujemy r\u00f3wnie\u017c wp\u0142aty na konto parafialne, nr podany w gablocie oraz na naszej stronie internetowej:<\/p>\n<p>48 1240 2294 1111 0000 3723 9046.<\/p>\n<p>W ka\u017cd\u0105 \u015brod\u0119 odprawiamy Msz\u0119 \u015bw. w intencji wszystkich naszych dobroczy\u0144c\u00f3w. Kancelaria parafialna w razie potrzeby mo\u017ce wystawia\u0107 urz\u0119dowe po\u015bwiadczenie darowizny na cele kultu religijnego.<\/p>\n<p>4.W okresie Wielkiego Postu zapraszamy na nabo\u017ce\u0144stwa DROGI KRZY\u017bOWEJ w pi\u0105tki o godz. 17.30, za\u015b w niedziele o godz. 17:15 na nabo\u017ce\u0144stwa GORZKICH \u017bALI. W dniu 22 marca b\u0119dzie mia\u0142a miejsca sceniczna droga krzy\u017cowa z udzia\u0142em dzieci z naszej parafii. Rodzic\u00f3w i dzieci prosimy o przybycie na godz. 17:00, \u017ceby przygotowa\u0107 nabo\u017ce\u0144stwo.<\/p>\n<p>5.Dzi\u015b o godz. 17:00 odb\u0119d\u0105 si\u0119 spotkania m\u0142odzie\u017cy przygotowuj\u0105cej si\u0119 do bierzmowania zar\u00f3wno z klas 7-ch, jak i z 8-ych o godz. 17:00. Dzi\u015b r\u00f3wnie\u017c zbi\u00f3rka ministrancka o godz. 16:00.<\/p>\n<p>6.W tym tygodniu zmar\u0142a nasza parafianka Waleria Walerowska. <em>Wieczny odpoczynek racz jej da\u0107 Panie\u2026<\/em><\/p>\n","protected":false},"excerpt":{"rendered":"<p>PARAFIA&nbsp; CHRYSTUSA&nbsp; KR\u00d3LA OG\u0141OSZENIA&nbsp; DUSZPASTERSKIE \u2013 4 Niedziela Wielkiego Postu (10 marca, 2024r.) &nbsp; 1.Czwarta Niedziela Wielkiego Postu nazywana jest niedziel\u0105 L\u00e6tare. To \u0142aci\u0144skie s\u0142owo oznacza &#8222;Cieszcie si\u0119&#8221; i rozpoczyna antyfon\u0119 na wej\u015bcie, przeznaczon\u0105 na dzisiejsz\u0105 liturgi\u0119. Wolno dzi\u015b u\u017cywa\u0107 szat liturgicznych koloru r\u00f3\u017cowego, ozdabia\u0107 o\u0142tarz kwiatami i wykorzystywa\u0107 instrumenty muzyczne w \u015bpiewie. 2.W naszej [&hellip;]<\/p>\n","protected":false},"author":207,"featured_media":0,"comment_status":"closed","ping_status":"closed","sticky":false,"template":"","format":"standard","meta":{"_et_pb_use_builder":"","_et_pb_old_content":"","_et_gb_content_width":"","ngg_post_thumbnail":0,"footnotes":""},"categories":[6],"tags":[],"class_list":["post-1614","post","type-post","status-publish","format-standard","hentry","category-ogloszenia-parafialne"],"_links":{"self":[{"href":"https:\/\/przegorzaly.pl\/index.php?rest_route=\/wp\/v2\/posts\/1614","targetHints":{"allow":["GET"]}}],"collection":[{"href":"https:\/\/przegorzaly.pl\/index.php?rest_route=\/wp\/v2\/posts"}],"about":[{"href":"https:\/\/przegorzaly.pl\/index.php?rest_route=\/wp\/v2\/types\/post"}],"author":[{"embeddable":true,"href":"https:\/\/przegorzaly.pl\/index.php?rest_route=\/wp\/v2\/users\/207"}],"replies":[{"embeddable":true,"href":"https:\/\/przegorzaly.pl\/index.php?rest_route=%2Fwp%2Fv2%2Fcomments&post=1614"}],"version-history":[{"count":1,"href":"https:\/\/przegorzaly.pl\/index.php?rest_route=\/wp\/v2\/posts\/1614\/revisions"}],"predecessor-version":[{"id":1615,"href":"https:\/\/przegorzaly.pl\/index.php?rest_route=\/wp\/v2\/posts\/1614\/revisions\/1615"}],"wp:attachment":[{"href":"https:\/\/przegorzaly.pl\/index.php?rest_route=%2Fwp%2Fv2%2Fmedia&parent=1614"}],"wp:term":[{"taxonomy":"category","embeddable":true,"href":"https:\/\/przegorzaly.pl\/index.php?rest_route=%2Fwp%2Fv2%2Fcategories&post=1614"},{"taxonomy":"post_tag","embeddable":true,"href":"https:\/\/przegorzaly.pl\/index.php?rest_route=%2Fwp%2Fv2%2Ftags&post=1614"}],"curies":[{"name":"wp","href":"https:\/\/api.w.org\/{rel}","templated":true}]}}