{"id":1602,"date":"2024-03-04T21:33:47","date_gmt":"2024-03-04T20:33:47","guid":{"rendered":"https:\/\/przegorzaly.pl\/?p=1602"},"modified":"2024-03-04T21:33:47","modified_gmt":"2024-03-04T20:33:47","slug":"3-niedziela-wielkiego-postu-3-marca-2024r","status":"publish","type":"post","link":"https:\/\/przegorzaly.pl\/?p=1602","title":{"rendered":"3 Niedziela Wielkiego Postu &#8211; 3 marca 2024r."},"content":{"rendered":"<p style=\"text-align: center\"><strong>PARAFIA&nbsp; CHRYSTUSA&nbsp; KR\u00d3LA<\/strong><\/p>\n<p style=\"text-align: center\"><strong>OG\u0141OSZENIA&nbsp; DUSZPASTERSKIE \u2013 3 Niedziela Wielkiego Postu <\/strong><\/p>\n<p style=\"text-align: center\"><strong>(3 marca, 2024r.)<\/strong><\/p>\n<p><strong>&nbsp;<\/strong><\/p>\n<p>1.<strong>W okresie Wielkiego Postu<\/strong> zapraszamy na nabo\u017ce\u0144stwa DROGI KRZY\u017bOWEJ w pi\u0105tki o godz. 17.30, za\u015b w niedziele o godz. 17:15 na nabo\u017ce\u0144stwa GORZKICH \u017bALI. Rekolekcje Wielkopostne wyg\u0142osi w tym roku o. Maciej Biskup, dominikanin, w dniach: 10 \u2013 13 marca. Tytu\u0142 rekolekcji \u201eUwa\u017cno\u015b\u0107 w nawr\u00f3ceniu\u201d.<\/p>\n<p>2.Dzi\u015b pierwsza niedziela miesi\u0105ca \u2013 taca przeznaczona jest na pokrycie koszt\u00f3w remontu ko\u015bcio\u0142a;<\/p>\n<p>&#8211; przed Msz\u0105 o godz. 9:00 \u2013 koronka do Bo\u017cego Mi\u0142osierdzia<\/p>\n<p>&#8211; po Mszy \u015bw. o godz. 9:00 zmiana tajemnic \u017cywego r\u00f3\u017ca\u0144ca oraz om\u00f3wienie intencji Apostolstwa Modlitwy;<\/p>\n<p>&#8211; Po Mszy \u015bw. o godz. 11:00 \u2013 spotkanie rodzic\u00f3w oraz dzieci przygotowuj\u0105cych si\u0119 do pierwszej komunii \u015bw.<\/p>\n<p>&#8211; dzi\u015b nie b\u0119dzie modlitwy uwielbieniowej po Mszy \u015bw. o godz. 18:00.<\/p>\n<p>&#8211; o godz. 16:45 \u2013 jest spotkanie grupy biblijnej<\/p>\n<p>3.Spotkanie m\u0142odzie\u017cy przygotowuj\u0105cej si\u0119 do bierzmowania zar\u00f3wno z klas 7-ch, jak i z 8-ych b\u0119dzie w przysz\u0142a niedziel\u0119 \u2013 10 marca, o godz. 17:00.<\/p>\n","protected":false},"excerpt":{"rendered":"<p>PARAFIA&nbsp; CHRYSTUSA&nbsp; KR\u00d3LA OG\u0141OSZENIA&nbsp; DUSZPASTERSKIE \u2013 3 Niedziela Wielkiego Postu (3 marca, 2024r.) &nbsp; 1.W okresie Wielkiego Postu zapraszamy na nabo\u017ce\u0144stwa DROGI KRZY\u017bOWEJ w pi\u0105tki o godz. 17.30, za\u015b w niedziele o godz. 17:15 na nabo\u017ce\u0144stwa GORZKICH \u017bALI. Rekolekcje Wielkopostne wyg\u0142osi w tym roku o. Maciej Biskup, dominikanin, w dniach: 10 \u2013 13 marca. Tytu\u0142 [&hellip;]<\/p>\n","protected":false},"author":207,"featured_media":0,"comment_status":"closed","ping_status":"closed","sticky":false,"template":"","format":"standard","meta":{"_et_pb_use_builder":"","_et_pb_old_content":"","_et_gb_content_width":"","ngg_post_thumbnail":0,"footnotes":""},"categories":[6],"tags":[],"class_list":["post-1602","post","type-post","status-publish","format-standard","hentry","category-ogloszenia-parafialne"],"_links":{"self":[{"href":"https:\/\/przegorzaly.pl\/index.php?rest_route=\/wp\/v2\/posts\/1602","targetHints":{"allow":["GET"]}}],"collection":[{"href":"https:\/\/przegorzaly.pl\/index.php?rest_route=\/wp\/v2\/posts"}],"about":[{"href":"https:\/\/przegorzaly.pl\/index.php?rest_route=\/wp\/v2\/types\/post"}],"author":[{"embeddable":true,"href":"https:\/\/przegorzaly.pl\/index.php?rest_route=\/wp\/v2\/users\/207"}],"replies":[{"embeddable":true,"href":"https:\/\/przegorzaly.pl\/index.php?rest_route=%2Fwp%2Fv2%2Fcomments&post=1602"}],"version-history":[{"count":1,"href":"https:\/\/przegorzaly.pl\/index.php?rest_route=\/wp\/v2\/posts\/1602\/revisions"}],"predecessor-version":[{"id":1603,"href":"https:\/\/przegorzaly.pl\/index.php?rest_route=\/wp\/v2\/posts\/1602\/revisions\/1603"}],"wp:attachment":[{"href":"https:\/\/przegorzaly.pl\/index.php?rest_route=%2Fwp%2Fv2%2Fmedia&parent=1602"}],"wp:term":[{"taxonomy":"category","embeddable":true,"href":"https:\/\/przegorzaly.pl\/index.php?rest_route=%2Fwp%2Fv2%2Fcategories&post=1602"},{"taxonomy":"post_tag","embeddable":true,"href":"https:\/\/przegorzaly.pl\/index.php?rest_route=%2Fwp%2Fv2%2Ftags&post=1602"}],"curies":[{"name":"wp","href":"https:\/\/api.w.org\/{rel}","templated":true}]}}