{"id":1527,"date":"2023-12-11T16:42:29","date_gmt":"2023-12-11T15:42:29","guid":{"rendered":"https:\/\/przegorzaly.pl\/?p=1527"},"modified":"2023-12-11T16:42:29","modified_gmt":"2023-12-11T15:42:29","slug":"niedziela-chrystusa-krola-odpust-parafialny-26-listopada-2023r","status":"publish","type":"post","link":"https:\/\/przegorzaly.pl\/?p=1527","title":{"rendered":"Niedziela Chrystusa Kr\u00f3la &#8211; Odpust Parafialny &#8211; 26 listopada, 2023r."},"content":{"rendered":"<p style=\"text-align: center\"><strong>PARAFIA&nbsp; CHRYSTUSA&nbsp; KR\u00d3LA<\/strong><\/p>\n<p style=\"text-align: center\"><strong>OG\u0141OSZENIA&nbsp; DUSZPASTERSKIE \u2013 Niedziela Chrystusa Kr\u00f3la <\/strong><\/p>\n<p style=\"text-align: center\"><strong>(26 listopada, 2023r.)<\/strong><\/p>\n<p><strong>&nbsp;<\/strong>1.Dzi\u015b UROCZYSTO\u015a\u0106 CHRYSTUSA KR\u00d3LA WSZECH\u015aWIATA, Patrona naszej parafii. Z tej okazji mo\u017cna uzyska\u0107 odpust zupe\u0142ny pod zwyk\u0142ymi warunkami \u2013 stan \u0142aski u\u015bwi\u0119caj\u0105cej, przyj\u0119cie komunii \u015bw., modlitwa w intencjach Ojca \u015awi\u0119tego (wystarczy \u201eOjcze nas\u201d i \u201eZdrowa\u015b Mario\u201d) oraz spe\u0142nienie uczynku odpustowego. Takim uczynkiem mo\u017ce by\u0107 publiczne odm\u00f3wienie aktu po\u015bwi\u0119cenia Chrystusowi Kr\u00f3lowi b\u0105d\u017a zwyk\u0142e nawiedzenie naszego ko\u015bcio\u0142a w dniu odpustu (w tym ostatnim wypadku nale\u017cy dodatkowo odm\u00f3wi\u0107 Wierz\u0119 w Boga). O. Micha\u0142 Zalewski SJ g\u0142osi kazania na wszystkich Mszach. Chcemy po\u015bwi\u0119ci\u0107 nas wszystkich Chrystusowi Kr\u00f3lowi oraz umocni\u0107 Jego kr\u00f3lowanie przez jednoczenie si\u0119 z Duchem Mi\u0142o\u015bci Ojca i Syna.<\/p>\n<p>2.Ojciec Czes\u0142aw Tomaszewski SJ sk\u0142ada serdeczne podzi\u0119kowanie za modlitwy, zainteresowanie i wsparcie materialne naszych misji w Afryce. W zesz\u0142\u0105 niedziel\u0119 &nbsp;zebra\u0142 w naszej parafii 4360 z\u0142 i 80 EUR.<\/p>\n<p>3.Dzi\u015b o godz. 16:00 \u2013 zbi\u00f3rka ministrancka, za\u015b o godz. 17:00 \u2013 spotkanie m\u0142odzie\u017cy przygotowuj\u0105cej si\u0119 do bierzmowania z klas 8-ych. Spotkanie m\u0142odzie\u017cy z klas 7-ych b\u0119dzie w przysz\u0142a niedziel\u0119 o godz. 17:00.<\/p>\n<p>4.Do ko\u0144ca listopada zapraszamy na nabo\u017ce\u0144stwa wypominkowe, kt\u00f3re odprawiamy od poniedzia\u0142ku do pi\u0105tku o godz. 17:30. We wtorki listopada odprawiamy Msze \u015bw. w intencji zmar\u0142ych poleconych w wypominkach w naszej parafii.<\/p>\n<p>5.Przysz\u0142a niedziela to b\u0119dzie pierwsza niedziela miesi\u0105ca i tradycyjnie:<\/p>\n<p>&#8211; przed Msz\u0105 \u015bw. o godz. 9:00 \u2013 koronka do Bo\u017cego mi\u0142osierdzia, po Mszy \u015bw. om\u00f3wienie intencji Apostolstwa Modlitwy oraz wymiana tajemnic r\u00f3\u017ca\u0144ca;<\/p>\n<p>&#8211; taca w tym dniu b\u0119dzie przeznaczona na pokrycie koszt\u00f3w remontu ko\u015bcio\u0142a.<\/p>\n<p>Rodzic\u00f3w i dzieci przygotowuj\u0105ce si\u0119 do pierwszej Komunii \u015bw. zapraszamy w tym dniu na spotkanie wyj\u0105tkowo p\u00f3\u0142 godziny przed Msz\u0105 o godz. 11:00; na Mszy \u015bw. b\u0119dzie po\u015bwi\u0119cenie i rozdanie medalik\u00f3w.<\/p>\n<p>W miesi\u0105cu grudniu wieczorna modlitwa uwielbieniowa b\u0119dzie wyj\u0105tkowo w drug\u0105 niedziel\u0119 miesi\u0105ca, 10 grudnia &#8211; po Mszy \u015bw. o godz. 18:00.<\/p>\n<ol start=\"6\">\n<li>W tym tygodniu wypada pierwszy pi\u0105tek miesi\u0105ca \u2013 odwiedziny chorych od godz. 10:00; oraz pierwsza sobota miesi\u0105ca \u2013 nabo\u017ce\u0144stwo pierwszosobotnie po Mszy \u015bw. o godz. 7:30.<\/li>\n<\/ol>\n<p>7.Rekolekcje adwentowe wyg\u0142osi w tym roku o. Dariusz Pi\u00f3rkowski, jezuita, znany rekolekcjonista i pisarz. Odb\u0119d\u0105 si\u0119 one w dniach: 10-12 grudnia.<\/p>\n<p>8.Podobnie jak w roku minionym, w naszym ko\u015bciele przez ca\u0142y okres Adwentu b\u0119dzie si\u0119 odbywa\u0107 zbi\u00f3rka \u015brodk\u00f3w higienicznych (pieluch, chusteczek) dla Hospicjum dla dzieci im. ks. J\u00f3zefa Tischnera&nbsp; mieszcz\u0105cym si\u0119 w Krakowie &#8211; D\u0119bnikach. Zbi\u00f3rka jest prowadzona w ramach&nbsp; og\u00f3lnopolskiej akcji fundacji&nbsp; &#8222;Ma\u0142ych st\u00f3pek&#8221; a koordynowana przez Rycerzy Kolumba z Sanktuarium Bo\u017cego Mi\u0142osierdzia w \u0141agiewnikach. Dary b\u0119dzie mo\u017cna przynosi\u0107 do ko\u015bcio\u0142a i zostawia\u0107 w przedsionku.<\/p>\n<p><strong>9.Og\u0142oszenie samorz\u0105dowe:<\/strong> W najbli\u017csz\u0105 \u015brod\u0119 29.11.2023 r. o godz. 18.30 w Klubie Kultury \u201ePrzegorza\u0142y\u201d przy ul. Kamedulskiej 70. odb\u0119dzie si\u0119 rokroczne spotkanie mieszka\u0144c\u00f3w osiedla Przegorza\u0142y. Przedmiotem spotkania b\u0119dzie podsumowanie dzia\u0142a\u0144 Rady Dzielnicy VII Zwierzyniec w sprawach dotycz\u0105cych osiedla Przegorza\u0142y w trakcie ko\u0144cz\u0105cej si\u0119 kadencji (2018-23).<\/p>\n","protected":false},"excerpt":{"rendered":"<p>PARAFIA&nbsp; CHRYSTUSA&nbsp; KR\u00d3LA OG\u0141OSZENIA&nbsp; DUSZPASTERSKIE \u2013 Niedziela Chrystusa Kr\u00f3la (26 listopada, 2023r.) &nbsp;1.Dzi\u015b UROCZYSTO\u015a\u0106 CHRYSTUSA KR\u00d3LA WSZECH\u015aWIATA, Patrona naszej parafii. Z tej okazji mo\u017cna uzyska\u0107 odpust zupe\u0142ny pod zwyk\u0142ymi warunkami \u2013 stan \u0142aski u\u015bwi\u0119caj\u0105cej, przyj\u0119cie komunii \u015bw., modlitwa w intencjach Ojca \u015awi\u0119tego (wystarczy \u201eOjcze nas\u201d i \u201eZdrowa\u015b Mario\u201d) oraz spe\u0142nienie uczynku odpustowego. Takim uczynkiem mo\u017ce [&hellip;]<\/p>\n","protected":false},"author":207,"featured_media":0,"comment_status":"closed","ping_status":"closed","sticky":false,"template":"","format":"standard","meta":{"_et_pb_use_builder":"","_et_pb_old_content":"","_et_gb_content_width":"","ngg_post_thumbnail":0,"footnotes":""},"categories":[6],"tags":[],"class_list":["post-1527","post","type-post","status-publish","format-standard","hentry","category-ogloszenia-parafialne"],"_links":{"self":[{"href":"https:\/\/przegorzaly.pl\/index.php?rest_route=\/wp\/v2\/posts\/1527","targetHints":{"allow":["GET"]}}],"collection":[{"href":"https:\/\/przegorzaly.pl\/index.php?rest_route=\/wp\/v2\/posts"}],"about":[{"href":"https:\/\/przegorzaly.pl\/index.php?rest_route=\/wp\/v2\/types\/post"}],"author":[{"embeddable":true,"href":"https:\/\/przegorzaly.pl\/index.php?rest_route=\/wp\/v2\/users\/207"}],"replies":[{"embeddable":true,"href":"https:\/\/przegorzaly.pl\/index.php?rest_route=%2Fwp%2Fv2%2Fcomments&post=1527"}],"version-history":[{"count":1,"href":"https:\/\/przegorzaly.pl\/index.php?rest_route=\/wp\/v2\/posts\/1527\/revisions"}],"predecessor-version":[{"id":1528,"href":"https:\/\/przegorzaly.pl\/index.php?rest_route=\/wp\/v2\/posts\/1527\/revisions\/1528"}],"wp:attachment":[{"href":"https:\/\/przegorzaly.pl\/index.php?rest_route=%2Fwp%2Fv2%2Fmedia&parent=1527"}],"wp:term":[{"taxonomy":"category","embeddable":true,"href":"https:\/\/przegorzaly.pl\/index.php?rest_route=%2Fwp%2Fv2%2Fcategories&post=1527"},{"taxonomy":"post_tag","embeddable":true,"href":"https:\/\/przegorzaly.pl\/index.php?rest_route=%2Fwp%2Fv2%2Ftags&post=1527"}],"curies":[{"name":"wp","href":"https:\/\/api.w.org\/{rel}","templated":true}]}}