{"id":1444,"date":"2023-10-09T00:18:04","date_gmt":"2023-10-08T22:18:04","guid":{"rendered":"https:\/\/przegorzaly.pl\/?p=1444"},"modified":"2023-10-09T00:18:04","modified_gmt":"2023-10-08T22:18:04","slug":"27-niedziela-zwykla-8-pazdziernika-2023r","status":"publish","type":"post","link":"https:\/\/przegorzaly.pl\/?p=1444","title":{"rendered":"27 Niedziela zwyk\u0142a &#8211; 8 pa\u017adziernika 2023r."},"content":{"rendered":"<p style=\"text-align: center\"><strong>PARAFIA&nbsp; CHRYSTUSA&nbsp; KR\u00d3LA<\/strong><\/p>\n<p style=\"text-align: center\"><strong>OG\u0141OSZENIA&nbsp; DUSZPASTERSKIE \u2013 XXVII Niedziela zwyk\u0142a<\/strong><\/p>\n<p style=\"text-align: center\"><strong>(8 pa\u017adziernika, 2023r.)<\/strong><\/p>\n<p><strong>&nbsp;<\/strong><\/p>\n<p>1.Dzi\u0119kujemy za wsparcie akcji pokrywania koszt\u00f3w remontu naszego ko\u015bcio\u0142a. W zesz\u0142\u0105 niedziel\u0119 zebrali\u015bmy na tac\u0119 4180 z\u0142, co daje nam w sumie kwot\u0119:<\/p>\n<p>67 220 z\u0142 oraz 35 EUR. Przekroczyli\u015bmy ju\u017c 1\/3 zbieranej kwoty, kt\u00f3ra wynosi 180 tys. z\u0142.<\/p>\n<p>2.W miesi\u0105cu pa\u017adzierniku zapraszamy na nabo\u017ce\u0144stwa r\u00f3\u017ca\u0144cowe \u2013 codziennie o godz. 17:30.<\/p>\n<p>3.Zapraszamy na warsztaty z j\u0119zyka mi\u0142o\u015bci i wsp\u00f3\u0142czucia, kt\u00f3re odb\u0119d\u0105 si\u0119 w sobot\u0119 (21 pa\u017adziernika) w godz. 15:00 \u2013 18:00. Warsztaty maj\u0105 uczy\u0107, jak rozmawia\u0107, by nie os\u0105dza\u0107 i krytykowa\u0107, jak m\u00f3wi\u0107 o swoich emocjach i pyta\u0107 o emocje innych, jak s\u0142ucha\u0107 siebie nawzajem. Zapisa\u0107 mo\u017cna si\u0119 e-mailowo, pisz\u0105c na adres: <a href=\"mailto:przegorzaly@jezuici.pl\">przegorzaly@jezuici.pl<\/a> b\u0105d\u017a przez osobisty kontakt w o. Proboszczem albo w zakrystii. Warsztaty s\u0105 bezp\u0142atne.<\/p>\n<p>4.Spotkanie m\u0142odzie\u017cy przygotowuj\u0105cej si\u0119 do bierzmowania odb\u0119dzie si\u0119 w najbli\u017csz\u0105 niedziel\u0119 o godz. 16:45, w salce duszpasterskiej domu zakonnego. W tym samym dniu o tej samej godzinie b\u0119dzie zbi\u00f3rka ministrancka \u2013 w programie kr\u00f3tka wycieczka rowerowa pod okiem instruktora oraz nauka jazdy na rowerze. Niedziela, godz. 16:45. Zapraszamy r\u00f3wnie\u017c dziewcz\u0119ta.<\/p>\n<p>5.Og\u0142oszenia sta\u0142e:<\/p>\n<p>&#8211; dzieci zapraszamy w na Msze \u015bw. w niedziele o godz. 11:00;<\/p>\n<p>&#8211; m\u0142odzie\u017c zapraszamy na Msze \u015bw. w niedziele o godz. 18:00;<\/p>\n<p>&#8211; w ka\u017cdy wtorek &#8211; nowenna do Matki Bo\u017cej Nieustaj\u0105cej Pomocy \u2013 przed Msz\u0105 \u015bw. o godz. 18:00;<\/p>\n<p>&#8211; w ka\u017cd\u0105 sobot\u0119 na Mszy \u015bw. porannej modlimy si\u0119 w intencji rodzin oraz matek oczekuj\u0105cych dzieci.<\/p>\n<p>6.W czwartek wspominamy b\u0142ogos\u0142awionego Jana Beyzyma, polskiego jezuit\u0119, opiekuna tr\u0119dowatych na Madagaskarze; na pocz\u0105tku XX wieku wybudowa\u0142 w Maranie szpital dla tr\u0119dowatych na 200 os\u00f3b, co by\u0142o wydarzeniem niezwyk\u0142ym w tamtych czasach. Jego relikwie znajduj\u0105 si\u0119 w bazylice Naj\u015bwi\u0119tszego Serca Pana Jezusa w Krakowie, przy ul. Kopernika 26.<\/p>\n<p>&nbsp;<\/p>\n","protected":false},"excerpt":{"rendered":"<p>PARAFIA&nbsp; CHRYSTUSA&nbsp; KR\u00d3LA OG\u0141OSZENIA&nbsp; DUSZPASTERSKIE \u2013 XXVII Niedziela zwyk\u0142a (8 pa\u017adziernika, 2023r.) &nbsp; 1.Dzi\u0119kujemy za wsparcie akcji pokrywania koszt\u00f3w remontu naszego ko\u015bcio\u0142a. W zesz\u0142\u0105 niedziel\u0119 zebrali\u015bmy na tac\u0119 4180 z\u0142, co daje nam w sumie kwot\u0119: 67 220 z\u0142 oraz 35 EUR. Przekroczyli\u015bmy ju\u017c 1\/3 zbieranej kwoty, kt\u00f3ra wynosi 180 tys. z\u0142. 2.W miesi\u0105cu pa\u017adzierniku [&hellip;]<\/p>\n","protected":false},"author":207,"featured_media":0,"comment_status":"closed","ping_status":"closed","sticky":false,"template":"","format":"standard","meta":{"_et_pb_use_builder":"","_et_pb_old_content":"","_et_gb_content_width":"","ngg_post_thumbnail":0,"footnotes":""},"categories":[6],"tags":[],"class_list":["post-1444","post","type-post","status-publish","format-standard","hentry","category-ogloszenia-parafialne"],"_links":{"self":[{"href":"https:\/\/przegorzaly.pl\/index.php?rest_route=\/wp\/v2\/posts\/1444","targetHints":{"allow":["GET"]}}],"collection":[{"href":"https:\/\/przegorzaly.pl\/index.php?rest_route=\/wp\/v2\/posts"}],"about":[{"href":"https:\/\/przegorzaly.pl\/index.php?rest_route=\/wp\/v2\/types\/post"}],"author":[{"embeddable":true,"href":"https:\/\/przegorzaly.pl\/index.php?rest_route=\/wp\/v2\/users\/207"}],"replies":[{"embeddable":true,"href":"https:\/\/przegorzaly.pl\/index.php?rest_route=%2Fwp%2Fv2%2Fcomments&post=1444"}],"version-history":[{"count":1,"href":"https:\/\/przegorzaly.pl\/index.php?rest_route=\/wp\/v2\/posts\/1444\/revisions"}],"predecessor-version":[{"id":1445,"href":"https:\/\/przegorzaly.pl\/index.php?rest_route=\/wp\/v2\/posts\/1444\/revisions\/1445"}],"wp:attachment":[{"href":"https:\/\/przegorzaly.pl\/index.php?rest_route=%2Fwp%2Fv2%2Fmedia&parent=1444"}],"wp:term":[{"taxonomy":"category","embeddable":true,"href":"https:\/\/przegorzaly.pl\/index.php?rest_route=%2Fwp%2Fv2%2Fcategories&post=1444"},{"taxonomy":"post_tag","embeddable":true,"href":"https:\/\/przegorzaly.pl\/index.php?rest_route=%2Fwp%2Fv2%2Ftags&post=1444"}],"curies":[{"name":"wp","href":"https:\/\/api.w.org\/{rel}","templated":true}]}}