{"id":1434,"date":"2023-09-25T12:30:54","date_gmt":"2023-09-25T10:30:54","guid":{"rendered":"https:\/\/przegorzaly.pl\/?p=1434"},"modified":"2023-09-25T12:30:54","modified_gmt":"2023-09-25T10:30:54","slug":"24-niedziela-zwykla-17-wrzesnia-2023r","status":"publish","type":"post","link":"https:\/\/przegorzaly.pl\/?p=1434","title":{"rendered":"24 Niedziela zwyk\u0142a &#8211; 17 wrze\u015bnia, 2023r."},"content":{"rendered":"<p style=\"text-align: center\"><strong>PARAFIA&nbsp; CHRYSTUSA&nbsp; KR\u00d3LA<\/strong><\/p>\n<p style=\"text-align: center\"><strong>OG\u0141OSZENIA&nbsp; DUSZPASTERSKIE \u2013 XXIV Niedziela zwyk\u0142a<\/strong><\/p>\n<p style=\"text-align: center\"><strong>(17 wrze\u015bnia, 2023r.)<\/strong><\/p>\n<p>1.Bardzo dzi\u0119kujemy wszystkim, kt\u00f3rzy zaanga\u017cowali si\u0119 w przygotowanie naszego parafialnego pikniku w zesz\u0142a niedziel\u0119 \u2013 w szczeg\u00f3lno\u015bci za zrobienie zakup\u00f3w, pomoc w sprawach kulinarnych oraz w zorganizowaniu gier i zabaw.<\/p>\n<p>2.Pierwsza Komunia \u015bw. odb\u0119dzie si\u0119 w naszej parafii w ostatni\u0105 niedziel\u0119 maja 2024r. \u2013 26 maja. Zapraszamy wszystkich zainteresowanych. Najbli\u017csze spotkanie odb\u0119dzie w pierwsz\u0105 niedziel\u0119 pa\u017adziernika po Mszy \u015bw. o godz. 11:00.<\/p>\n<p>3.M\u0142odzie\u017c akademick\u0105 z naszej parafii zapraszamy na warsztaty z duchowo\u015bci \u015bw. Ignacego Loyoli w dniu 7 pa\u017adziernika. Warsztaty b\u0119d\u0105 trwa\u0142y od godz. 10:00 do 18:00. W programie prezentacje, dzielenie w grupach, \u0107wiczenia praktyczne, wsp\u00f3lna Eucharystia i obiad. Koszt wynosi 30 z\u0142.<\/p>\n<p>4.Ojciec Proboszcz zaprasza do wsp\u00f3\u0142pracy Parafian, kt\u00f3rzy chcieliby zaanga\u017cowa\u0107 si\u0119 w prace Rady Parafialnej. Rad\u0119 utworzymy z os\u00f3b aktywnie zaanga\u017cowanych w \u017cycie parafii.<\/p>\n<p>Poszukujemy:<\/p>\n<p>&#8211; ch\u0119tnych do animowania grupy Apostolstwa Modlitwy (prowadzenie w pierwsze niedziele miesi\u0105ca koronki do Bo\u017cego Mi\u0142osierdzia, zaanga\u017cowanie w kult Naj\u015bwi\u0119tszego Serca Pana Jezusa) oraz o\u017cywienia r\u00f3\u017cy \u017cywego r\u00f3\u017ca\u0144ca;<\/p>\n<p>&#8211; os\u00f3b ch\u0119tnych do zaanga\u017cowania si\u0119 w dzia\u0142alno\u015b\u0107 grup modlitewnych;<\/p>\n<p>&#8211; os\u00f3b ch\u0119tnych do pomocy w prowadzeniu spotka\u0144 z ministrantami (m.in. wycieczki rowerowe, spotkania sportowe);<\/p>\n<p>&#8211; os\u00f3b ch\u0119tnych do zaanga\u017cowania si\u0119 w liturgiczn\u0105 s\u0142u\u017cb\u0119 o\u0142tarza \u2013 czytania liturgiczne, \u015bpiewanie Psalm\u00f3w, pomoc w organizacji procesji i wydarze\u0144 \u015bwi\u0105tecznych, itp.;<\/p>\n<p>&#8211; os\u00f3b ch\u0119tnych do zaanga\u017cowania si\u0119 w grup\u0119 charytatywn\u0105 \u2013 pomoc uchod\u017acom z Ukrainy oraz ludziom w potrzebie;<\/p>\n<p>&#8211; os\u00f3b ch\u0119tnych do pomocy w prowadzeniu naszej parafialnej strony internetowej, drukowaniu okoliczno\u015bciowych plakat\u00f3w, itp.<\/p>\n<p>5.W poniedzia\u0142ek \u015bwi\u0119to \u015bw. Stanis\u0142awa Kostki \u2013 patrona Polski, patrona m\u0142odzie\u017cy i nowicjuszy jezuickich; w czwartek \u015bwi\u0119to \u015bw. Mateusza Ewangelisty.<\/p>\n<p>&nbsp;<\/p>\n","protected":false},"excerpt":{"rendered":"<p>PARAFIA&nbsp; CHRYSTUSA&nbsp; KR\u00d3LA OG\u0141OSZENIA&nbsp; DUSZPASTERSKIE \u2013 XXIV Niedziela zwyk\u0142a (17 wrze\u015bnia, 2023r.) 1.Bardzo dzi\u0119kujemy wszystkim, kt\u00f3rzy zaanga\u017cowali si\u0119 w przygotowanie naszego parafialnego pikniku w zesz\u0142a niedziel\u0119 \u2013 w szczeg\u00f3lno\u015bci za zrobienie zakup\u00f3w, pomoc w sprawach kulinarnych oraz w zorganizowaniu gier i zabaw. 2.Pierwsza Komunia \u015bw. odb\u0119dzie si\u0119 w naszej parafii w ostatni\u0105 niedziel\u0119 maja 2024r. [&hellip;]<\/p>\n","protected":false},"author":207,"featured_media":0,"comment_status":"closed","ping_status":"closed","sticky":false,"template":"","format":"standard","meta":{"_et_pb_use_builder":"","_et_pb_old_content":"","_et_gb_content_width":"","ngg_post_thumbnail":0,"footnotes":""},"categories":[6],"tags":[],"class_list":["post-1434","post","type-post","status-publish","format-standard","hentry","category-ogloszenia-parafialne"],"_links":{"self":[{"href":"https:\/\/przegorzaly.pl\/index.php?rest_route=\/wp\/v2\/posts\/1434","targetHints":{"allow":["GET"]}}],"collection":[{"href":"https:\/\/przegorzaly.pl\/index.php?rest_route=\/wp\/v2\/posts"}],"about":[{"href":"https:\/\/przegorzaly.pl\/index.php?rest_route=\/wp\/v2\/types\/post"}],"author":[{"embeddable":true,"href":"https:\/\/przegorzaly.pl\/index.php?rest_route=\/wp\/v2\/users\/207"}],"replies":[{"embeddable":true,"href":"https:\/\/przegorzaly.pl\/index.php?rest_route=%2Fwp%2Fv2%2Fcomments&post=1434"}],"version-history":[{"count":1,"href":"https:\/\/przegorzaly.pl\/index.php?rest_route=\/wp\/v2\/posts\/1434\/revisions"}],"predecessor-version":[{"id":1435,"href":"https:\/\/przegorzaly.pl\/index.php?rest_route=\/wp\/v2\/posts\/1434\/revisions\/1435"}],"wp:attachment":[{"href":"https:\/\/przegorzaly.pl\/index.php?rest_route=%2Fwp%2Fv2%2Fmedia&parent=1434"}],"wp:term":[{"taxonomy":"category","embeddable":true,"href":"https:\/\/przegorzaly.pl\/index.php?rest_route=%2Fwp%2Fv2%2Fcategories&post=1434"},{"taxonomy":"post_tag","embeddable":true,"href":"https:\/\/przegorzaly.pl\/index.php?rest_route=%2Fwp%2Fv2%2Ftags&post=1434"}],"curies":[{"name":"wp","href":"https:\/\/api.w.org\/{rel}","templated":true}]}}