{"id":1387,"date":"2023-08-26T22:21:48","date_gmt":"2023-08-26T20:21:48","guid":{"rendered":"https:\/\/przegorzaly.pl\/?p=1387"},"modified":"2023-08-26T22:21:48","modified_gmt":"2023-08-26T20:21:48","slug":"21-niedziela-zwykla-27-sierpnia-2023r","status":"publish","type":"post","link":"https:\/\/przegorzaly.pl\/?p=1387","title":{"rendered":"21 Niedziela zwyk\u0142a &#8211; 27 sierpnia, 2023r."},"content":{"rendered":"<p style=\"text-align: center\"><strong>PARAFIA&nbsp; CHRYSTUSA&nbsp; KR\u00d3LA<\/strong><\/p>\n<p style=\"text-align: center\"><strong>OG\u0141OSZENIA&nbsp; DUSZPASTERSKIE \u2013 XXI Niedziela zwyk\u0142a<\/strong><\/p>\n<p style=\"text-align: center\"><strong>(27 sierpnia, 2023r.)<\/strong><\/p>\n<p style=\"text-align: center\">1.W tym tygodniu wypada pierwszy pi\u0105tek miesi\u0105ca wraz z nabo\u017ce\u0144stwami pierwszopi\u0105tkowymi po ka\u017cdej Mszy \u015bw. oraz pierwsza sobota miesi\u0105ca wraz z odwiedzinami chorych oraz nabo\u017ce\u0144stwem pierwszosobotnim po Mszy \u015bw. porannej.<\/p>\n<p>2.Przysz\u0142a niedziela jako pierwsza niedziela miesi\u0105ca b\u0119dzie nieco bardziej aktywna:<\/p>\n<p>&#8211; przed Msz\u0105 \u015bw. o godz. 9:00 \u2013 koronka do Bo\u017cego mi\u0142osierdzia, po Mszy \u015bw. om\u00f3wienie intencji Apostolstwa Modlitwy oraz wymiana tajemnic r\u00f3\u017ca\u0144ca.<\/p>\n<p>&#8211; na Mszy \u015bw. o godz. 11:00 b\u0119dzie po\u015bwi\u0119cenie tornistr\u00f3w oraz przybor\u00f3w szkolnych; b\u0119dziemy si\u0119 modli\u0107 szczeg\u00f3lnie o Bo\u017ce b\u0142ogos\u0142awie\u0144stwo dla uczni\u00f3w klas pierwszych, rozpoczynaj\u0105cych sw\u00f3j pierwszy rok szkolny;<\/p>\n<p>&#8211; po Mszy \u015bw. o godz. 11:00 \u2013 b\u0119dzie spotkanie organizacyjne z rodzicami i dzie\u0107mi przygotowuj\u0105cymi si\u0119 do pierwszej Komunii \u015bw.;<\/p>\n<p>&#8211; po Mszy \u015bw. o godz. 18:00 odb\u0119dzie si\u0119 kr\u00f3tka modlitwa uwielbieniowa;<\/p>\n<p>&#8211; taca w tym dniu b\u0119dzie przeznaczona na pokrycie koszt\u00f3w remontu ko\u015bcio\u0142a.<\/p>\n<p>3.W ka\u017cdy wtorek zapraszamy na nowenn\u0119 do Matki Bo\u017cej Nieustaj\u0105cej Pomocy, w ka\u017cd\u0105 niedziel\u0119 zapraszamy dzieci na Msz\u0119 \u015bw. dla dzieci o godz. 11:00, za\u015b w soboty na Mszy \u015bw. o godz. 7:30 modlimy si\u0119 w intencji rodzin.<\/p>\n<p>4.Termin spotkania m\u0142odzie\u017cy przygotowuj\u0105cej si\u0119 do sakramentu bierzmowania b\u0119dzie podany w terminie p\u00f3\u017aniejszym.<\/p>\n<p>5.Ojciec Proboszcz zaprasza do wsp\u00f3\u0142pracy Parafian, kt\u00f3rzy chcieliby zaanga\u017cowa\u0107 si\u0119 w prace Rady Parafialnej. Rad\u0119 utworzymy z os\u00f3b zaanga\u017cowanych w \u017cycie parafii.<\/p>\n<p>Poszukujemy os\u00f3b ch\u0119tnych do pomocy przy organizacji wrze\u015bniowego pikniku parafialnego, kt\u00f3ry odb\u0119dzie si\u0119 w drug\u0105 niedziel\u0119 wrze\u015bnia. Chodzi o zrobienie zakup\u00f3w, obs\u0142ug\u0119 grilla oraz posi\u0142ku, zorganizowanie loterii fantowej oraz zorganizowanie gier i zabaw dla dzieci.<\/p>\n<p><strong>Ponadto poszukujemy os\u00f3b<\/strong>:<\/p>\n<p>&#8211; kt\u00f3re chcia\u0142yby si\u0119 zaanga\u017cowa\u0107 w animowanie grupy Apostolstwa Modlitwy (prowadzenie w pierwsze niedziele miesi\u0105ca koronki do Bo\u017cego Mi\u0142osierdzia, zaanga\u017cowanie w kult Naj\u015bwi\u0119tszego Serca Pana Jezusa) oraz o\u017cywienie r\u00f3\u017cy \u017cywego r\u00f3\u017ca\u0144ca;<\/p>\n<p>&#8211; os\u00f3b ch\u0119tnych do zaanga\u017cowania si\u0119 w dzia\u0142alno\u015b\u0107 grupy zajmuj\u0105cej si\u0119 prowadzeniem warsztat\u00f3w z porozumienia bez przemocy Nonviolent Communication (o kt\u00f3rych m\u00f3wi\u0142 2 tygodnie temu o. Chris ze Sri Lanki);<\/p>\n<p>&#8211; os\u00f3b ch\u0119tnych do pomocy w prowadzeniu spotka\u0144 z ministrantami (m.in. wycieczki rowerowe, spotkania sportowe);<\/p>\n<p>&#8211; os\u00f3b ch\u0119tnych do zaanga\u017cowania si\u0119 w liturgiczn\u0105 s\u0142u\u017cb\u0119 o\u0142tarza \u2013 czytania liturgiczne, \u015bpiewanie Psalm\u00f3w, pomoc w organizacji procesji i wydarze\u0144 \u015bwi\u0105tecznych;<\/p>\n<p>&#8211; os\u00f3b ch\u0119tnych do zaanga\u017cowania si\u0119 w grup\u0119 charytatywn\u0105 \u2013 pomoc uchod\u017acom z Ukrainy oraz ludziom w potrzebie;<\/p>\n<p>&#8211; os\u00f3b ch\u0119tnych do pomocy w prowadzeniu naszej parafialnej strony internetowej.<\/p>\n<p><strong>Zapraszamy te\u017c<\/strong> do w\u0142\u0105czenia si\u0119 w spotkania grupy, kt\u00f3ra w ka\u017cd\u0105 sobot\u0119 na Mszy \u015bw. porannej modli si\u0119 w intencji rodzin oraz matek oczekuj\u0105cych dziecka oraz odprawia nabo\u017ce\u0144stwa pierwszosobotnie. Grupa ta dzia\u0142a od 15 lat i jest wielkim zbudowaniem i inspiracj\u0105 w naszym \u017cyciu parafialnym.<\/p>\n<p>Ojciec Proboszcz zaprasza do kontaktu w dni robocze po Mszy \u015bw. wieczornej ewentualnie po telefonicznym um\u00f3wieniu.<\/p>\n<p>6.<strong>Og\u0142oszenie Samorz\u0105dowe:<\/strong> W zwi\u0105zku z przebudow\u0105 ulic Ko\u015bciuszki i Zwierzynieckiej z dniem 2 wrze\u015bnia nast\u0105pi\u0105 zmiany w komunikacji miejskiej. Do p\u0119tli Salwator nie b\u0119d\u0105 kursowa\u0142y tramwaje. Wszystkie autobusowe linie aglomeracyjne skierowane zostan\u0105 w rejon ronda Grunwaldzkiego. Jedynym autobusem z Przegorza\u0142 jad\u0105cym przez Salwator b\u0119dzie linia 109, kt\u00f3rej przystankiem docelowym czasowo b\u0119dzie Cichy K\u0105cik (trasa ulicami: Ksi\u0119cia J\u00f3zefa, Kr\u00f3lowej Jadwigi, Jaxy Gryfity, Emaus, Kr\u00f3lowej Jadwigi oraz Piastowsk\u0105). Rejon pl. Na Stawach komunikacyjnie obs\u0142ugiwa\u0142a b\u0119dzie przed\u0142u\u017cona spod Cracovii linia 502 (k\u00f3\u0142ko ulicami: Dunin-W\u0105sowicza, Senatorska, Komorowskiego, Ko\u015bciuszki, Lelewela i zn\u00f3w Dunin-W\u0105sowicza).<\/p>\n<p>Pe\u0142ny komunikat o zmianach w ruchu znajduje si\u0119 na naszej stronie internetowej oraz w gablocie.<\/p>\n<p style=\"text-align: center\"><strong>OG\u0141OSZENIA RADNEGO<\/strong><\/p>\n<p style=\"text-align: center\"><strong>27.08.2023<\/strong><\/p>\n<p>1.W sobot\u0119 02.09.2023 r. rusza oczekiwana od lat <strong>inwestycja przebudowy ulic Ko\u015bciuszki i Zwierzynieckiej<\/strong>. W przeci\u0105gu najbli\u017cszego roku (prace planowane s\u0105 na 12 miesi\u0119cy) wymieniona zostanie ca\u0142a infrastruktura naziemna (torowiska, jezdnie, chodniki, o\u015bwietlenie), jak i podziemna (wszystkie sieci medialne) ulicy. Na czas prowadzonych rob\u00f3t, do p\u0119tli Salwator nie b\u0119d\u0105 kursowa\u0142y tramwaje. Linia 1 skierowana zostanie do Cichego K\u0105cika, linia 2 zostanie czasowo zawieszona. Znacz\u0105ce komplikacje dotkn\u0105 r\u00f3wnie\u017c po\u0142\u0105czenia autobusowe kursuj\u0105ce na Salwator. Wszystkie linie aglomeracyjne skierowane zostan\u0105 w rejon ronda Grunwaldzkiego. Jedynym autobusem z Przegorza\u0142 jad\u0105cym przez Salwator b\u0119dzie linia 109, kt\u00f3rej przystankiem docelowym czasowo b\u0119dzie Cichy K\u0105cik (trasa ulicami: Ksi\u0119cia J\u00f3zefa, Kr\u00f3lowej Jadwigi, Jaxy Gryfity, Emaus, Kr\u00f3lowej Jadwigi oraz Piastowsk\u0105). Rejon pl. Na Stawach komunikacyjnie obs\u0142ugiwa\u0142a b\u0119dzie przed\u0142u\u017cona spod Cracovii linia 502 (k\u00f3\u0142ko ulicami: Dunin-W\u0105sowicza, Senatorska, Komorowskiego, Ko\u015bciuszki, Lelewela i zn\u00f3w Dunin-W\u0105sowicza). Na czas przebudowy ul. Ko\u015bciuszki wy\u0142\u0105czony zostanie na niej r\u00f3wnie\u017c ruch samochodowy. Dojazd do alej Trzech Wieszcz\u00f3w mo\u017cliwy b\u0119dzie b\u0105d\u017a to przez most Zwierzyniecki i D\u0119bniki, b\u0105d\u017a to tras\u0105: Ksi\u0119cia J\u00f3zefa, Kr\u00f3lowej Jadwigi, Jaxy Gryfity, Emaus, Focha.<\/p>\n<p>2.W ostatnich dniach rozpocz\u0119\u0142a si\u0119 <strong>inwestycja budowy \u015bcie\u017cki pieszo-rowerowej wzd\u0142u\u017c ul. Ksi\u0119cia J\u00f3zefa<\/strong>. Nowa \u015bcie\u017cka powstanie na odcinku od mostu Zwierzynieckiego do klasztoru ss. Norbertanek (w tym przypadku budowa ci\u0105gu pieszo-rowerowego jest ju\u017c zaawansowana) oraz na odcinku od ul. Jod\u0142owej do ul. Wio\u015blarskiej (tu trwaj\u0105 przygotowania do budowy osobnych ci\u0105g\u00f3w pieszego i rowerowego). Oba etapy budowy \u015bcie\u017cki maj\u0105 zako\u0144czy\u0107 si\u0119 jeszcze w tym roku.<\/p>\n<p>&nbsp;<\/p>\n<p>Witold G\u00f3rny<\/p>\n<p>Radny z osiedla Przegorza\u0142y<\/p>\n<p>Wiceprzewodnicz\u0105cy Rady i Zarz\u0105du Dzielnicy VII Zwierzyniec<\/p>\n<p>&nbsp;<\/p>\n","protected":false},"excerpt":{"rendered":"<p>PARAFIA&nbsp; CHRYSTUSA&nbsp; KR\u00d3LA OG\u0141OSZENIA&nbsp; DUSZPASTERSKIE \u2013 XXI Niedziela zwyk\u0142a (27 sierpnia, 2023r.) 1.W tym tygodniu wypada pierwszy pi\u0105tek miesi\u0105ca wraz z nabo\u017ce\u0144stwami pierwszopi\u0105tkowymi po ka\u017cdej Mszy \u015bw. oraz pierwsza sobota miesi\u0105ca wraz z odwiedzinami chorych oraz nabo\u017ce\u0144stwem pierwszosobotnim po Mszy \u015bw. porannej. 2.Przysz\u0142a niedziela jako pierwsza niedziela miesi\u0105ca b\u0119dzie nieco bardziej aktywna: &#8211; przed Msz\u0105 [&hellip;]<\/p>\n","protected":false},"author":207,"featured_media":0,"comment_status":"closed","ping_status":"closed","sticky":false,"template":"","format":"standard","meta":{"_et_pb_use_builder":"","_et_pb_old_content":"","_et_gb_content_width":"","ngg_post_thumbnail":0,"footnotes":""},"categories":[6],"tags":[],"class_list":["post-1387","post","type-post","status-publish","format-standard","hentry","category-ogloszenia-parafialne"],"_links":{"self":[{"href":"https:\/\/przegorzaly.pl\/index.php?rest_route=\/wp\/v2\/posts\/1387","targetHints":{"allow":["GET"]}}],"collection":[{"href":"https:\/\/przegorzaly.pl\/index.php?rest_route=\/wp\/v2\/posts"}],"about":[{"href":"https:\/\/przegorzaly.pl\/index.php?rest_route=\/wp\/v2\/types\/post"}],"author":[{"embeddable":true,"href":"https:\/\/przegorzaly.pl\/index.php?rest_route=\/wp\/v2\/users\/207"}],"replies":[{"embeddable":true,"href":"https:\/\/przegorzaly.pl\/index.php?rest_route=%2Fwp%2Fv2%2Fcomments&post=1387"}],"version-history":[{"count":1,"href":"https:\/\/przegorzaly.pl\/index.php?rest_route=\/wp\/v2\/posts\/1387\/revisions"}],"predecessor-version":[{"id":1388,"href":"https:\/\/przegorzaly.pl\/index.php?rest_route=\/wp\/v2\/posts\/1387\/revisions\/1388"}],"wp:attachment":[{"href":"https:\/\/przegorzaly.pl\/index.php?rest_route=%2Fwp%2Fv2%2Fmedia&parent=1387"}],"wp:term":[{"taxonomy":"category","embeddable":true,"href":"https:\/\/przegorzaly.pl\/index.php?rest_route=%2Fwp%2Fv2%2Fcategories&post=1387"},{"taxonomy":"post_tag","embeddable":true,"href":"https:\/\/przegorzaly.pl\/index.php?rest_route=%2Fwp%2Fv2%2Ftags&post=1387"}],"curies":[{"name":"wp","href":"https:\/\/api.w.org\/{rel}","templated":true}]}}