{"id":1357,"date":"2023-07-09T18:15:16","date_gmt":"2023-07-09T16:15:16","guid":{"rendered":"https:\/\/przegorzaly.pl\/?p=1357"},"modified":"2023-07-09T18:15:16","modified_gmt":"2023-07-09T16:15:16","slug":"13-niedziela-zwykla-2-lipca-2023r","status":"publish","type":"post","link":"https:\/\/przegorzaly.pl\/?p=1357","title":{"rendered":"13 Niedziela Zwyk\u0142a &#8211; 2 lipca, 2023r."},"content":{"rendered":"<p style=\"text-align: center\"><strong>PARAFIA&nbsp; CHRYSTUSA&nbsp; KR\u00d3LA<\/strong><\/p>\n<p style=\"text-align: center\"><strong>OG\u0141OSZENIA&nbsp; DUSZPASTERSKIE \u2013 XIII Niedziela zwyk\u0142a (2 lipca, 2023r.)<\/strong><\/p>\n<p>1.Dzi\u015b go\u015bcimy w naszej parafii o. Stanis\u0142awa Gronia, jezuit\u0119, moderatora ruchu Apostolstwo Modlitwy, ruchu, kt\u00f3ry zajmuje si\u0119 pog\u0142\u0119bianiem kultu Naj\u015bwi\u0119tszego Serca Pana Jezusa oraz o\u017cywianiem pobo\u017cno\u015bci Eucharystycznej. Po ka\u017cdej Mszy \u015bw. mo\u017cna dowiedzie\u0107 si\u0119 wi\u0119cej szczeg\u00f3\u0142\u00f3w na temat Apostolstwa Modlitwy. Ojciec Proboszcz zaprasza do kontaktu wszystkich zainteresowanych rozwojem Apostolstwa Modlitwy naszej parafii.<\/p>\n<p>2.Dzisiejsza taca przeznaczona jest na pokrycie koszt\u00f3w remontu ko\u015bcio\u0142a. Sk\u0142adamy serdeczne B\u00f3g zap\u0142a\u0107 za ca\u0142e dotychczasowe wsparcie. Nr konta parafialnego podany jest w gablocie i na naszej stronie internetowej:<\/p>\n<p>48 1240 2294 1111 0000 3723 9046<\/p>\n<p>W ka\u017cdym tygodniu odprawiamy Msz\u0119 \u015bw. w intencji wszystkich naszych dobroczy\u0144c\u00f3w.<\/p>\n<p>3.W ka\u017cdy wtorek tradycyjnie nowenna do Matki Bo\u017cej Nieustaj\u0105cej Pomocy \u2013 przed Msz\u0105 \u015bw. o godz. 18:00. W ka\u017cd\u0105 sobot\u0119 na Mszy \u015bw. o godz. 7:30 rano \u2013 modlimy si\u0119 w intencji rodzin oraz matek oczekuj\u0105cych dziecka.&nbsp;<\/p>\n<p>4.W tym tygodniu wypada pierwsza pierwszy pi\u0105tek miesi\u0105ca \u2013 po ka\u017cdej Mszy \u015bw. odb\u0119dzie si\u0119 nabo\u017ce\u0144stwo pierwszopi\u0105tkowe.<\/p>\n<p>&nbsp;5.W poniedzia\u0142ek: \u015bwi\u0119to \u015bw. Tomasza Aposto\u0142a; w czwartek wspomnienie B\u0142. Marii Teresy Led\u00f3chowskiej, dziewicy; w sobot\u0119 \u2013 wspomnienie \u015bw. Jana z Dukli, prezbitera.<\/p>\n","protected":false},"excerpt":{"rendered":"<p>PARAFIA&nbsp; CHRYSTUSA&nbsp; KR\u00d3LA OG\u0141OSZENIA&nbsp; DUSZPASTERSKIE \u2013 XIII Niedziela zwyk\u0142a (2 lipca, 2023r.) 1.Dzi\u015b go\u015bcimy w naszej parafii o. Stanis\u0142awa Gronia, jezuit\u0119, moderatora ruchu Apostolstwo Modlitwy, ruchu, kt\u00f3ry zajmuje si\u0119 pog\u0142\u0119bianiem kultu Naj\u015bwi\u0119tszego Serca Pana Jezusa oraz o\u017cywianiem pobo\u017cno\u015bci Eucharystycznej. Po ka\u017cdej Mszy \u015bw. mo\u017cna dowiedzie\u0107 si\u0119 wi\u0119cej szczeg\u00f3\u0142\u00f3w na temat Apostolstwa Modlitwy. Ojciec Proboszcz zaprasza [&hellip;]<\/p>\n","protected":false},"author":207,"featured_media":0,"comment_status":"closed","ping_status":"closed","sticky":false,"template":"","format":"standard","meta":{"_et_pb_use_builder":"","_et_pb_old_content":"","_et_gb_content_width":"","ngg_post_thumbnail":0,"footnotes":""},"categories":[6],"tags":[],"class_list":["post-1357","post","type-post","status-publish","format-standard","hentry","category-ogloszenia-parafialne"],"_links":{"self":[{"href":"https:\/\/przegorzaly.pl\/index.php?rest_route=\/wp\/v2\/posts\/1357","targetHints":{"allow":["GET"]}}],"collection":[{"href":"https:\/\/przegorzaly.pl\/index.php?rest_route=\/wp\/v2\/posts"}],"about":[{"href":"https:\/\/przegorzaly.pl\/index.php?rest_route=\/wp\/v2\/types\/post"}],"author":[{"embeddable":true,"href":"https:\/\/przegorzaly.pl\/index.php?rest_route=\/wp\/v2\/users\/207"}],"replies":[{"embeddable":true,"href":"https:\/\/przegorzaly.pl\/index.php?rest_route=%2Fwp%2Fv2%2Fcomments&post=1357"}],"version-history":[{"count":1,"href":"https:\/\/przegorzaly.pl\/index.php?rest_route=\/wp\/v2\/posts\/1357\/revisions"}],"predecessor-version":[{"id":1358,"href":"https:\/\/przegorzaly.pl\/index.php?rest_route=\/wp\/v2\/posts\/1357\/revisions\/1358"}],"wp:attachment":[{"href":"https:\/\/przegorzaly.pl\/index.php?rest_route=%2Fwp%2Fv2%2Fmedia&parent=1357"}],"wp:term":[{"taxonomy":"category","embeddable":true,"href":"https:\/\/przegorzaly.pl\/index.php?rest_route=%2Fwp%2Fv2%2Fcategories&post=1357"},{"taxonomy":"post_tag","embeddable":true,"href":"https:\/\/przegorzaly.pl\/index.php?rest_route=%2Fwp%2Fv2%2Ftags&post=1357"}],"curies":[{"name":"wp","href":"https:\/\/api.w.org\/{rel}","templated":true}]}}