{"id":1355,"date":"2023-07-09T18:14:06","date_gmt":"2023-07-09T16:14:06","guid":{"rendered":"https:\/\/przegorzaly.pl\/?p=1355"},"modified":"2023-07-09T18:14:06","modified_gmt":"2023-07-09T16:14:06","slug":"12-niedziela-zwykla-25-czerwca-2023r","status":"publish","type":"post","link":"https:\/\/przegorzaly.pl\/?p=1355","title":{"rendered":"12 Niedziela Zwyk\u0142a &#8211; 25 czerwca, 2023r."},"content":{"rendered":"<p style=\"text-align: center\"><strong>PARAFIA&nbsp; CHRYSTUSA&nbsp; KR\u00d3LA<\/strong><\/p>\n<p style=\"text-align: center\"><strong>OG\u0141OSZENIA&nbsp; DUSZPASTERSKIE \u2013 XII Niedziela zwyk\u0142a (25 czerwca, 2023r.)<\/strong><\/p>\n<p>1.W miesi\u0105cu czerwcu po ka\u017cdej Mszy \u015bw. wieczornej zapraszamy na kr\u00f3tkie nabo\u017ce\u0144stwo czerwcowe.<\/p>\n<p>2.W ka\u017cdy wtorek tradycyjnie nowenna do Matki Bo\u017cej Nieustaj\u0105cej Pomocy \u2013 przed Msz\u0105 \u015bw. o godz. 18:00. W ka\u017cd\u0105 sobot\u0119 na Mszy \u015bw. o godz. 7:30 rano \u2013 modlimy si\u0119 w intencji rodzin oraz matek oczekuj\u0105cych dziecka.&nbsp;<\/p>\n<p>3.W tym tygodniu wypada pierwsza sobota miesi\u0105ca \u2013 odwiedziny chorych od godziny 10:00. Po porannej Mszy \u015bw. odb\u0119dzie si\u0119 nabo\u017ce\u0144stwo pierwszosobotnie.<\/p>\n<p>4.W przysz\u0142\u0105 niedziel\u0119 taca b\u0119dzie przeznaczona na porycie koszt\u00f3w remontu ko\u015bcio\u0142a. W przysz\u0142\u0105 niedziel\u0119 b\u0119dziemy go\u015bci\u0107 o. Stanis\u0142awa Gronia, jezuit\u0119, moderatora ruchu Apostolstwo Modlitwy, ruchu, kt\u00f3ry zajmuje si\u0119 pog\u0142\u0119bianiem kultu Naj\u015bwi\u0119tszego Serca Pana Jezusa oraz o\u017cywianiem pobo\u017cno\u015bci Eucharystycznej.<\/p>\n<p>5.W czwartek przypada Uroczysto\u015b\u0107 \u015bwi\u0119tych Aposto\u0142\u00f3w Piotra i Paw\u0142a.<\/p>\n<p>&nbsp;<\/p>\n","protected":false},"excerpt":{"rendered":"<p>PARAFIA&nbsp; CHRYSTUSA&nbsp; KR\u00d3LA OG\u0141OSZENIA&nbsp; DUSZPASTERSKIE \u2013 XII Niedziela zwyk\u0142a (25 czerwca, 2023r.) 1.W miesi\u0105cu czerwcu po ka\u017cdej Mszy \u015bw. wieczornej zapraszamy na kr\u00f3tkie nabo\u017ce\u0144stwo czerwcowe. 2.W ka\u017cdy wtorek tradycyjnie nowenna do Matki Bo\u017cej Nieustaj\u0105cej Pomocy \u2013 przed Msz\u0105 \u015bw. o godz. 18:00. W ka\u017cd\u0105 sobot\u0119 na Mszy \u015bw. o godz. 7:30 rano \u2013 modlimy si\u0119 [&hellip;]<\/p>\n","protected":false},"author":207,"featured_media":0,"comment_status":"closed","ping_status":"closed","sticky":false,"template":"","format":"standard","meta":{"_et_pb_use_builder":"","_et_pb_old_content":"","_et_gb_content_width":"","ngg_post_thumbnail":0,"footnotes":""},"categories":[6],"tags":[],"class_list":["post-1355","post","type-post","status-publish","format-standard","hentry","category-ogloszenia-parafialne"],"_links":{"self":[{"href":"https:\/\/przegorzaly.pl\/index.php?rest_route=\/wp\/v2\/posts\/1355","targetHints":{"allow":["GET"]}}],"collection":[{"href":"https:\/\/przegorzaly.pl\/index.php?rest_route=\/wp\/v2\/posts"}],"about":[{"href":"https:\/\/przegorzaly.pl\/index.php?rest_route=\/wp\/v2\/types\/post"}],"author":[{"embeddable":true,"href":"https:\/\/przegorzaly.pl\/index.php?rest_route=\/wp\/v2\/users\/207"}],"replies":[{"embeddable":true,"href":"https:\/\/przegorzaly.pl\/index.php?rest_route=%2Fwp%2Fv2%2Fcomments&post=1355"}],"version-history":[{"count":1,"href":"https:\/\/przegorzaly.pl\/index.php?rest_route=\/wp\/v2\/posts\/1355\/revisions"}],"predecessor-version":[{"id":1356,"href":"https:\/\/przegorzaly.pl\/index.php?rest_route=\/wp\/v2\/posts\/1355\/revisions\/1356"}],"wp:attachment":[{"href":"https:\/\/przegorzaly.pl\/index.php?rest_route=%2Fwp%2Fv2%2Fmedia&parent=1355"}],"wp:term":[{"taxonomy":"category","embeddable":true,"href":"https:\/\/przegorzaly.pl\/index.php?rest_route=%2Fwp%2Fv2%2Fcategories&post=1355"},{"taxonomy":"post_tag","embeddable":true,"href":"https:\/\/przegorzaly.pl\/index.php?rest_route=%2Fwp%2Fv2%2Ftags&post=1355"}],"curies":[{"name":"wp","href":"https:\/\/api.w.org\/{rel}","templated":true}]}}