{"id":1327,"date":"2023-06-06T21:16:51","date_gmt":"2023-06-06T19:16:51","guid":{"rendered":"https:\/\/przegorzaly.pl\/?p=1327"},"modified":"2023-06-06T21:16:51","modified_gmt":"2023-06-06T19:16:51","slug":"niedziela-trojcy-najswietszej-4-czerwca-2023r","status":"publish","type":"post","link":"https:\/\/przegorzaly.pl\/?p=1327","title":{"rendered":"Niedziela Tr\u00f3jcy Naj\u015bwi\u0119tszej &#8211; 4 czerwca, 2023r."},"content":{"rendered":"<p style=\"text-align: center\"><strong>PARAFIA&nbsp; CHRYSTUSA&nbsp; KR\u00d3LA<\/strong><\/p>\n<p style=\"text-align: center\"><strong>OG\u0141OSZENIA&nbsp; DUSZPASTERSKIE \u2013 Uroczysto\u015b\u0107 Tr\u00f3jcy Naj\u015bwi\u0119tszej (4 czerwca, 2023r.)<\/strong><\/p>\n<p>1.Dzisiaj w Uroczysto\u015b\u0107 Tr\u00f3jcy Naj\u015bwi\u0119tszej, ko\u0144czy si\u0119 okres spowiedzi i Komunii Wielkanocnej.<\/p>\n<p>2.Dzi\u015b pierwsza niedziela miesi\u0105ca \u2013 taca przeznaczona jest na pokrycie koszt\u00f3w remontu ko\u015bcio\u0142a. Dotychczas zebrali\u015bmy kwot\u0119: 44 380 z\u0142 i 15 EUR, za kt\u00f3r\u0105 serdecznie dzi\u0119kujemy. W ka\u017cdym tygodniu odprawiamy Msz\u0119 \u015bw. w intencji wszystkich naszych dobroczy\u0144c\u00f3w. Numer konta parafialnego podajemy w gablocie og\u0142osze\u0144 oraz na stronie internetowej parafii (przegorzaly.pl):<\/p>\n<p>48 1240 2294 1111 0000 3723 9046.<\/p>\n<p>3.W miesi\u0105cu czerwcu po ka\u017cdej Mszy \u015bw. wieczornej zapraszamy na kr\u00f3tkie nabo\u017ce\u0144stwo czerwcowe.<\/p>\n<p>4.W tym roku Uroczysto\u015b\u0107 Bo\u017cego Cia\u0142a wypada w dniu 8 czerwca. Porz\u0105dek Mszy \u015bw. b\u0119dzie niedzielny. Nasza procesja \u2013 po Mszy \u015bw. o godz. 11:00 &#8211; rozpocznie si\u0119 przed ko\u015bcio\u0142em przy ul. Zaskale 1, skieruje si\u0119 w prawo na ul. Ksi\u0119cia J\u00f3zefa i zatrzyma si\u0119 przed numerem 211, gdzie b\u0119dzie drugi o\u0142tarz, nast\u0119pnie przejdzie do ul. Ksi\u0119cia J\u00f3zefa&nbsp; pod numer 229,&nbsp; gdzie usytuowany b\u0119dzie trzeci o\u0142tarz, po czym pod\u0105\u017cy do ul. Gaj\u00f3wka pod numer 10, do czwartego o\u0142tarza ko\u0144cz\u0105cego procesj\u0119. Bardzo prosimy o zaanga\u017cowanie si\u0119 przy budowaniu o\u0142tarzy oraz przeprowadzeniu procesji. Zapraszamy do sypania kwiat\u00f3w wszystkie dziewczynki, kt\u00f3re przyst\u0105pi\u0142y do pierwszej komunii w tym roku i w latach poprzednich, za\u015b wszystkich m\u0142odzie\u0144c\u00f3w do udzia\u0142u w procesji w ramach liturgicznej s\u0142u\u017cby o\u0142tarza. Prosimy te\u017c o pomoc w zorganizowaniu procesji: niesienia krzy\u017ca, g\u0142o\u015bnika, baldachimu i inne tradycyjne pos\u0142ugi.<\/p>\n<p>5.W ka\u017cdy wtorek tradycyjnie nowenna do Matki Bo\u017cej Nieustaj\u0105cej Pomocy \u2013 przed Msz\u0105 \u015bw. o godz. 18:00. W ka\u017cd\u0105 sobot\u0119 na Mszy o godz. 7:30 rano \u2013 modlimy si\u0119 w intencji rodzin oraz matek oczekuj\u0105cych dziecka.&nbsp;<\/p>\n","protected":false},"excerpt":{"rendered":"<p>PARAFIA&nbsp; CHRYSTUSA&nbsp; KR\u00d3LA OG\u0141OSZENIA&nbsp; DUSZPASTERSKIE \u2013 Uroczysto\u015b\u0107 Tr\u00f3jcy Naj\u015bwi\u0119tszej (4 czerwca, 2023r.) 1.Dzisiaj w Uroczysto\u015b\u0107 Tr\u00f3jcy Naj\u015bwi\u0119tszej, ko\u0144czy si\u0119 okres spowiedzi i Komunii Wielkanocnej. 2.Dzi\u015b pierwsza niedziela miesi\u0105ca \u2013 taca przeznaczona jest na pokrycie koszt\u00f3w remontu ko\u015bcio\u0142a. Dotychczas zebrali\u015bmy kwot\u0119: 44 380 z\u0142 i 15 EUR, za kt\u00f3r\u0105 serdecznie dzi\u0119kujemy. W ka\u017cdym tygodniu odprawiamy Msz\u0119 [&hellip;]<\/p>\n","protected":false},"author":207,"featured_media":0,"comment_status":"closed","ping_status":"closed","sticky":false,"template":"","format":"standard","meta":{"_et_pb_use_builder":"","_et_pb_old_content":"","_et_gb_content_width":"","ngg_post_thumbnail":0,"footnotes":""},"categories":[6],"tags":[],"class_list":["post-1327","post","type-post","status-publish","format-standard","hentry","category-ogloszenia-parafialne"],"_links":{"self":[{"href":"https:\/\/przegorzaly.pl\/index.php?rest_route=\/wp\/v2\/posts\/1327","targetHints":{"allow":["GET"]}}],"collection":[{"href":"https:\/\/przegorzaly.pl\/index.php?rest_route=\/wp\/v2\/posts"}],"about":[{"href":"https:\/\/przegorzaly.pl\/index.php?rest_route=\/wp\/v2\/types\/post"}],"author":[{"embeddable":true,"href":"https:\/\/przegorzaly.pl\/index.php?rest_route=\/wp\/v2\/users\/207"}],"replies":[{"embeddable":true,"href":"https:\/\/przegorzaly.pl\/index.php?rest_route=%2Fwp%2Fv2%2Fcomments&post=1327"}],"version-history":[{"count":1,"href":"https:\/\/przegorzaly.pl\/index.php?rest_route=\/wp\/v2\/posts\/1327\/revisions"}],"predecessor-version":[{"id":1328,"href":"https:\/\/przegorzaly.pl\/index.php?rest_route=\/wp\/v2\/posts\/1327\/revisions\/1328"}],"wp:attachment":[{"href":"https:\/\/przegorzaly.pl\/index.php?rest_route=%2Fwp%2Fv2%2Fmedia&parent=1327"}],"wp:term":[{"taxonomy":"category","embeddable":true,"href":"https:\/\/przegorzaly.pl\/index.php?rest_route=%2Fwp%2Fv2%2Fcategories&post=1327"},{"taxonomy":"post_tag","embeddable":true,"href":"https:\/\/przegorzaly.pl\/index.php?rest_route=%2Fwp%2Fv2%2Ftags&post=1327"}],"curies":[{"name":"wp","href":"https:\/\/api.w.org\/{rel}","templated":true}]}}