{"id":1270,"date":"2023-04-13T14:41:44","date_gmt":"2023-04-13T12:41:44","guid":{"rendered":"https:\/\/przegorzaly.pl\/?p=1270"},"modified":"2023-04-13T14:41:44","modified_gmt":"2023-04-13T12:41:44","slug":"niedziela-zmartwychwstania-panskiego-9-kwietnia-2023r","status":"publish","type":"post","link":"https:\/\/przegorzaly.pl\/?p=1270","title":{"rendered":"Niedziela Zmartwychwstania Pa\u0144skiego &#8211; 9 kwietnia, 2023r."},"content":{"rendered":"<p style=\"text-align: center\"><strong>PARAFIA &nbsp;CHRYSTUSA &nbsp;KR\u00d3LA<\/strong><\/p>\n<p style=\"text-align: center\"><strong>OG\u0141OSZENIA &nbsp;DUSZPASTERSKIE \u2013 Niedziela Zmartwychwstania Pa\u0144skiego (9 kwietnia, 2023r.)<\/strong><\/p>\n<p>1.Radosne Alleluja jest dzisiaj na naszych ustach i w naszych sercach. Niech rado\u015b\u0107 wielkanocnego poranka dotrze do ka\u017cdego cz\u0142owieka. Niech b\u0119dzie ona zadatkiem i zapowiedzi\u0105 wiecznego \u015bwi\u0119towania ze Zmartwychwsta\u0142ym i niech b\u0119dzie tre\u015bci\u0105 \u017cycze\u0144, kt\u00f3re sobie dzisiaj sk\u0142adamy.<\/p>\n<p>2.Dzi\u0119kujemy wszystkim, kt\u00f3rzy pomagali w przygotowaniu i przeprowadzeniu uroczysto\u015bci Wielkiego Tygodnia i \u015awi\u0105t Wielkanocnych. Dzi\u0119kujemy te\u017c za ofiary na sp\u0142at\u0119 koszt\u00f3w remontu ko\u015bcio\u0142a. W ubieg\u0142a niedziel\u0119 zebrali\u015bmy na tac\u0119 4800 z\u0142.<\/p>\n<p>3.Jutro w Poniedzia\u0142ek Wielkanocny b\u0119dziemy sk\u0142ada\u0107 ofiary na nasz\u0105 Akademi\u0119 Ignatianum w Krakowie.<\/p>\n<p>4.Z racji uroczystego charakteru Oktawy Zmartwychwstania w pi\u0105tek nie obowi\u0105zuje wstrzemi\u0119\u017aliwo\u015b\u0107 od pokarm\u00f3w mi\u0119snych.<\/p>\n<p>5.Za tydzie\u0144 Niedziela Mi\u0142osierdzia Bo\u017cego i rozpoczynamy Rekolekcje Paschalne. G\u0142osi\u0107 je b\u0119dzie o. Waldemar Los, jezuita, duszpasterz akademicki. Nauka rekolekcyjna b\u0119dzie na wszystkich Mszach \u015bw. w niedziel\u0119, za\u015b w poniedzia\u0142ek, wtorek i \u015brod\u0119 na Mszach \u015bw. o godz. 9:00 i 18:00. Dodatkowo po Mszach wieczornych odb\u0119d\u0105 si\u0119: w poniedzia\u0142ek \u2013 modlitwa uwielbienia, we wtorek \u2013 medytacja ignacja\u0144ska moderowana; w \u015brod\u0119 \u2013 modlitwa o pok\u00f3j w duchu Taize. Serdecznie zapraszamy do wsp\u00f3lnej modlitwy.<\/p>\n","protected":false},"excerpt":{"rendered":"<p>PARAFIA &nbsp;CHRYSTUSA &nbsp;KR\u00d3LA OG\u0141OSZENIA &nbsp;DUSZPASTERSKIE \u2013 Niedziela Zmartwychwstania Pa\u0144skiego (9 kwietnia, 2023r.) 1.Radosne Alleluja jest dzisiaj na naszych ustach i w naszych sercach. Niech rado\u015b\u0107 wielkanocnego poranka dotrze do ka\u017cdego cz\u0142owieka. Niech b\u0119dzie ona zadatkiem i zapowiedzi\u0105 wiecznego \u015bwi\u0119towania ze Zmartwychwsta\u0142ym i niech b\u0119dzie tre\u015bci\u0105 \u017cycze\u0144, kt\u00f3re sobie dzisiaj sk\u0142adamy. 2.Dzi\u0119kujemy wszystkim, kt\u00f3rzy pomagali w [&hellip;]<\/p>\n","protected":false},"author":207,"featured_media":0,"comment_status":"closed","ping_status":"closed","sticky":false,"template":"","format":"standard","meta":{"_et_pb_use_builder":"","_et_pb_old_content":"","_et_gb_content_width":"","ngg_post_thumbnail":0,"footnotes":""},"categories":[6],"tags":[],"class_list":["post-1270","post","type-post","status-publish","format-standard","hentry","category-ogloszenia-parafialne"],"_links":{"self":[{"href":"https:\/\/przegorzaly.pl\/index.php?rest_route=\/wp\/v2\/posts\/1270","targetHints":{"allow":["GET"]}}],"collection":[{"href":"https:\/\/przegorzaly.pl\/index.php?rest_route=\/wp\/v2\/posts"}],"about":[{"href":"https:\/\/przegorzaly.pl\/index.php?rest_route=\/wp\/v2\/types\/post"}],"author":[{"embeddable":true,"href":"https:\/\/przegorzaly.pl\/index.php?rest_route=\/wp\/v2\/users\/207"}],"replies":[{"embeddable":true,"href":"https:\/\/przegorzaly.pl\/index.php?rest_route=%2Fwp%2Fv2%2Fcomments&post=1270"}],"version-history":[{"count":1,"href":"https:\/\/przegorzaly.pl\/index.php?rest_route=\/wp\/v2\/posts\/1270\/revisions"}],"predecessor-version":[{"id":1271,"href":"https:\/\/przegorzaly.pl\/index.php?rest_route=\/wp\/v2\/posts\/1270\/revisions\/1271"}],"wp:attachment":[{"href":"https:\/\/przegorzaly.pl\/index.php?rest_route=%2Fwp%2Fv2%2Fmedia&parent=1270"}],"wp:term":[{"taxonomy":"category","embeddable":true,"href":"https:\/\/przegorzaly.pl\/index.php?rest_route=%2Fwp%2Fv2%2Fcategories&post=1270"},{"taxonomy":"post_tag","embeddable":true,"href":"https:\/\/przegorzaly.pl\/index.php?rest_route=%2Fwp%2Fv2%2Ftags&post=1270"}],"curies":[{"name":"wp","href":"https:\/\/api.w.org\/{rel}","templated":true}]}}