{"id":1250,"date":"2023-04-05T10:00:47","date_gmt":"2023-04-05T08:00:47","guid":{"rendered":"https:\/\/przegorzaly.pl\/?p=1250"},"modified":"2023-04-05T10:00:47","modified_gmt":"2023-04-05T08:00:47","slug":"niedziela-palmowa-2-kwietnia-2023r","status":"publish","type":"post","link":"https:\/\/przegorzaly.pl\/?p=1250","title":{"rendered":"Niedziela Palmowa &#8211; 2 kwietnia 2023r."},"content":{"rendered":"<p style=\"text-align: center\"><strong>PARAFIA &nbsp;CHRYSTUSA &nbsp;KR\u00d3LA<\/strong><\/p>\n<p style=\"text-align: center\"><strong>OG\u0141OSZENIA &nbsp;DUSZPASTERSKIE &nbsp;\u2013 &nbsp;Niedziela Palmowa (2 kwietnia, &nbsp;2023r.)<\/strong><\/p>\n<p>1.Dzisiaj odchodzimy Niedziel\u0119 M\u0119ki Pa\u0144skiej wraz z uroczystym po\u015bwi\u0119ceniem &nbsp;palm. Nabo\u017ce\u0144stwo Gorzkich \u017bali&nbsp; o godzinie 17.15.<\/p>\n<p>2.Przez ca\u0142\u0105 niedziel\u0119 studenci z Duszpasterstwa Akademickiego WAJ sprzedaj\u0105 palmy, kartki wielkanocne oraz paschaliki; doch\u00f3d przeznaczony jest na cele duszpasterstwa.&nbsp;<\/p>\n<p>3.Dzisiejsza taca przeznaczona jest na sp\u0142at\u0119 remontu ko\u015bcio\u0142a. B\u00f3g zap\u0142a\u0107 za ofiary.<\/p>\n<p>4.W zakrystii mo\u017cna naby\u0107 baranki wielkanocne, rozprowadzane przez Caritas Archidiecezji Krakowskiej.<\/p>\n<p>5.W zakrystii mo\u017cna zg\u0142osi\u0107 ch\u0119\u0107 udzia\u0142u w obs\u0142udze liturgicznej Triduum Paschalnego \u2013 czytania liturgiczne, \u015bpiewanie psalmu, pomoc w przeprowadzeniu procesji. Zach\u0119camy do w\u0142\u0105czenia si\u0119 w akcj\u0119 liturgiczn\u0105.<\/p>\n<p>6.W Wielkim Tygodniu od poniedzia\u0142ku do soboty w\u0142\u0105cznie okazja do spowiedzi \u015bwi\u0119tej p\u00f3\u0142 godziny przed liturgi\u0105 wieczorn\u0105. W pierwszy i drugi dzie\u0144 \u015awi\u0105t Wielkanocnych nie spowiadamy.<\/p>\n<p>7.W WIELKI CZWARTEK \u2013 MSZ\u0104 \u015aWI\u0118T\u0104 WIECZERZY PA\u0143SKIEJ O GODZINIE 18.00 rozpoczynamy celebracj\u0119 \u015aWI\u0118TEGO TRIDUUM PASCHALNEGO. Po Mszy \u015bwi\u0119tej Gorzkie \u017bale i Adoracja Pana Jezusa w Ciemnicy do godziny 20.00. W tym dniu nie ma Mszy \u015bwi\u0119tej porannej.<\/p>\n<p>8.W WIELKI PI\u0104TEK M\u0118KI PA\u0143SKIEJ \u2013 LITURGIA M\u0118KI PA\u0143SKIEJ O GODZINIE 18.00. Bezpo\u015brednio po niej Gorzkie \u017bale i Adoracja Pana Jezusa w Grobie do godziny 20.00. Nabo\u017ce\u0144stwo Drogi Krzy\u017cowej i Koronka do Mi\u0142osierdzia Bo\u017cego o godzinie 15.00. Przypominamy, \u017ce wszystkich, mi\u0119dzy osiemnastym a sze\u015b\u0107dziesi\u0105tym rokiem \u017cycia, w Wielki Pi\u0105tek obowi\u0105zuje post, natomiast wszystkich, kt\u00f3rzy uko\u0144czyli czternasty rok \u017cycia, obowi\u0105zuje wstrzemi\u0119\u017aliwo\u015b\u0107 od pokarm\u00f3w mi\u0119snych.<\/p>\n<p>9.\u015awi\u0119cenie pokarm\u00f3w w Wielk\u0105 Sobot\u0119 od godziny 10.00 do 14.00, co p\u00f3\u0142 godziny.<\/p>\n<p>10.LITURGIA WIGILII PASCHALNEJ W WIELK\u0104 SOBOT\u0118 ROZPOCZNIE SI\u0118 O GODZINIE 19.00&nbsp; i zako\u0144czy si\u0119 procesj\u0105 rezurekcyjn\u0105. Prosimy o przyniesienie ze sob\u0105 \u015bwiec. Pami\u0119tajmy r\u00f3wnie\u017c w ci\u0105gu dnia o Adoracji Pana Jezusa w Grobie.<\/p>\n","protected":false},"excerpt":{"rendered":"<p>PARAFIA &nbsp;CHRYSTUSA &nbsp;KR\u00d3LA OG\u0141OSZENIA &nbsp;DUSZPASTERSKIE &nbsp;\u2013 &nbsp;Niedziela Palmowa (2 kwietnia, &nbsp;2023r.) 1.Dzisiaj odchodzimy Niedziel\u0119 M\u0119ki Pa\u0144skiej wraz z uroczystym po\u015bwi\u0119ceniem &nbsp;palm. Nabo\u017ce\u0144stwo Gorzkich \u017bali&nbsp; o godzinie 17.15. 2.Przez ca\u0142\u0105 niedziel\u0119 studenci z Duszpasterstwa Akademickiego WAJ sprzedaj\u0105 palmy, kartki wielkanocne oraz paschaliki; doch\u00f3d przeznaczony jest na cele duszpasterstwa.&nbsp; 3.Dzisiejsza taca przeznaczona jest na sp\u0142at\u0119 remontu ko\u015bcio\u0142a. [&hellip;]<\/p>\n","protected":false},"author":207,"featured_media":0,"comment_status":"closed","ping_status":"closed","sticky":false,"template":"","format":"standard","meta":{"_et_pb_use_builder":"","_et_pb_old_content":"","_et_gb_content_width":"","ngg_post_thumbnail":0,"footnotes":""},"categories":[6],"tags":[],"class_list":["post-1250","post","type-post","status-publish","format-standard","hentry","category-ogloszenia-parafialne"],"_links":{"self":[{"href":"https:\/\/przegorzaly.pl\/index.php?rest_route=\/wp\/v2\/posts\/1250","targetHints":{"allow":["GET"]}}],"collection":[{"href":"https:\/\/przegorzaly.pl\/index.php?rest_route=\/wp\/v2\/posts"}],"about":[{"href":"https:\/\/przegorzaly.pl\/index.php?rest_route=\/wp\/v2\/types\/post"}],"author":[{"embeddable":true,"href":"https:\/\/przegorzaly.pl\/index.php?rest_route=\/wp\/v2\/users\/207"}],"replies":[{"embeddable":true,"href":"https:\/\/przegorzaly.pl\/index.php?rest_route=%2Fwp%2Fv2%2Fcomments&post=1250"}],"version-history":[{"count":1,"href":"https:\/\/przegorzaly.pl\/index.php?rest_route=\/wp\/v2\/posts\/1250\/revisions"}],"predecessor-version":[{"id":1251,"href":"https:\/\/przegorzaly.pl\/index.php?rest_route=\/wp\/v2\/posts\/1250\/revisions\/1251"}],"wp:attachment":[{"href":"https:\/\/przegorzaly.pl\/index.php?rest_route=%2Fwp%2Fv2%2Fmedia&parent=1250"}],"wp:term":[{"taxonomy":"category","embeddable":true,"href":"https:\/\/przegorzaly.pl\/index.php?rest_route=%2Fwp%2Fv2%2Fcategories&post=1250"},{"taxonomy":"post_tag","embeddable":true,"href":"https:\/\/przegorzaly.pl\/index.php?rest_route=%2Fwp%2Fv2%2Ftags&post=1250"}],"curies":[{"name":"wp","href":"https:\/\/api.w.org\/{rel}","templated":true}]}}