{"id":1231,"date":"2023-03-26T08:57:02","date_gmt":"2023-03-26T06:57:02","guid":{"rendered":"https:\/\/przegorzaly.pl\/?p=1231"},"modified":"2023-03-27T12:32:10","modified_gmt":"2023-03-27T10:32:10","slug":"5-niedziela-wielkiego-postu-26-marca-2023r","status":"publish","type":"post","link":"https:\/\/przegorzaly.pl\/?p=1231","title":{"rendered":"5 Niedziela Wielkiego Postu &#8211; 26 marca 2023r."},"content":{"rendered":"<p style=\"text-align: center\"><strong>PARAFIA &nbsp;CHRYSTUSA &nbsp;KR\u00d3LA<\/strong><\/p>\n<p style=\"text-align: center\"><strong>OG\u0141OSZENIA &nbsp;DUSZPASTERSKIE &nbsp;\u2013 &nbsp;V niedziela Wielkiego Postu (26 marca, &nbsp;2023r.)<\/strong><\/p>\n<p>&nbsp;<\/p>\n<p style=\"text-align: left\">1.Zach\u0119camy do pog\u0142\u0119bionego prze\u017cycia okresu Wielkiego Postu:<\/p>\n<p>&#8211; do udzia\u0142u w nabo\u017ce\u0144stwach drogi krzy\u017cowej (pi\u0105tki, godz. 17:30)<\/p>\n<p>&#8211; do udzia\u0142u w Gorzkich \u017balach (niedziele, godz. 17:15)<\/p>\n<p>&#8211; do skorzystania z sakramentu spowiedzi (podczas ka\u017cdej Mszy \u015bw. w soboty i w niedziele oraz w pierwsze pi\u0105tki miesi\u0105ca).<\/p>\n<p>&#8211; do uczynk\u00f3w mi\u0142osierdzia \u2013 przez ca\u0142y okres Wielkiego Postu zbieramy paczki na Ukrain\u0119, w ko\u015bciele jest r\u00f3wnie\u017c skarbonka na ubogich. Mo\u017cna zg\u0142asza\u0107 si\u0119 w zakrystii po karton firmowy Caritasu, kartony s\u0105 z\u0142o\u017cone w hallu domu zakonnego.<\/p>\n<p>2.Dzisiejsza taca przeznaczona jest na kwiaty do Bo\u017cego Grobu oraz na \u015bwi\u0105teczn\u0105 dekoracj\u0119 naszego ko\u015bcio\u0142a. Ofiary z\u0142o\u017cone na tac\u0119 w przysz\u0142\u0105 niedziel\u0119 przeznaczone b\u0119d\u0105 na sp\u0142at\u0119 remontu ko\u015bcio\u0142a. B\u00f3g zap\u0142a\u0107.<\/p>\n<p>3.W zakrystii mo\u017cna naby\u0107 baranki wielkanocne, rozprowadzane przez Caritas Archidiecezji Krakowskiej.<\/p>\n<p>4.We wtorek tradycyjnie nowenna do Matki Bo\u017cej Nieustaj\u0105cej Pomocy, w sobot\u0119 podczas Mszy \u015bw. porannej tradycyjnie modlimy si\u0119 w intencji rodzin oraz matek oczekuj\u0105cych dziecka \u2013 w tym tygodniu pierwsza sobota miesi\u0105ca \u2013 Po Mszy \u015bw. odb\u0119dzie si\u0119 nabo\u017ce\u0144stwo pierwszych sob\u00f3t. W tym dniu b\u0119d\u0105 te\u017c odwiedziny chorych.<\/p>\n<p>5.Kolejne spotkanie rodzic\u00f3w i dzieci przygotowuj\u0105cych si\u0119 do pierwszej Komunii \u015bw. odb\u0119dzie si\u0119 za tydzie\u0144 \u2013 w Niedziel\u0119 Palmow\u0105, za\u015b kolejne spotkanie m\u0142odzie\u017cy przygotowuj\u0105cej si\u0119 do sakramentu bierzmowania w Niedziel\u0119 Mi\u0142osierdzia \u2013 16 kwietnia. W tym dniu rozpoczn\u0105 si\u0119 te\u017c nasze rekolekcje parafialne. &nbsp;<\/p>\n<p>&nbsp;<\/p>\n<p>&nbsp;<\/p>\n","protected":false},"excerpt":{"rendered":"<p>PARAFIA &nbsp;CHRYSTUSA &nbsp;KR\u00d3LA OG\u0141OSZENIA &nbsp;DUSZPASTERSKIE &nbsp;\u2013 &nbsp;V niedziela Wielkiego Postu (26 marca, &nbsp;2023r.) &nbsp; 1.Zach\u0119camy do pog\u0142\u0119bionego prze\u017cycia okresu Wielkiego Postu: &#8211; do udzia\u0142u w nabo\u017ce\u0144stwach drogi krzy\u017cowej (pi\u0105tki, godz. 17:30) &#8211; do udzia\u0142u w Gorzkich \u017balach (niedziele, godz. 17:15) &#8211; do skorzystania z sakramentu spowiedzi (podczas ka\u017cdej Mszy \u015bw. w soboty i w niedziele [&hellip;]<\/p>\n","protected":false},"author":207,"featured_media":0,"comment_status":"closed","ping_status":"closed","sticky":false,"template":"","format":"standard","meta":{"_et_pb_use_builder":"","_et_pb_old_content":"","_et_gb_content_width":"","ngg_post_thumbnail":0,"footnotes":""},"categories":[6],"tags":[],"class_list":["post-1231","post","type-post","status-publish","format-standard","hentry","category-ogloszenia-parafialne"],"_links":{"self":[{"href":"https:\/\/przegorzaly.pl\/index.php?rest_route=\/wp\/v2\/posts\/1231","targetHints":{"allow":["GET"]}}],"collection":[{"href":"https:\/\/przegorzaly.pl\/index.php?rest_route=\/wp\/v2\/posts"}],"about":[{"href":"https:\/\/przegorzaly.pl\/index.php?rest_route=\/wp\/v2\/types\/post"}],"author":[{"embeddable":true,"href":"https:\/\/przegorzaly.pl\/index.php?rest_route=\/wp\/v2\/users\/207"}],"replies":[{"embeddable":true,"href":"https:\/\/przegorzaly.pl\/index.php?rest_route=%2Fwp%2Fv2%2Fcomments&post=1231"}],"version-history":[{"count":2,"href":"https:\/\/przegorzaly.pl\/index.php?rest_route=\/wp\/v2\/posts\/1231\/revisions"}],"predecessor-version":[{"id":1246,"href":"https:\/\/przegorzaly.pl\/index.php?rest_route=\/wp\/v2\/posts\/1231\/revisions\/1246"}],"wp:attachment":[{"href":"https:\/\/przegorzaly.pl\/index.php?rest_route=%2Fwp%2Fv2%2Fmedia&parent=1231"}],"wp:term":[{"taxonomy":"category","embeddable":true,"href":"https:\/\/przegorzaly.pl\/index.php?rest_route=%2Fwp%2Fv2%2Fcategories&post=1231"},{"taxonomy":"post_tag","embeddable":true,"href":"https:\/\/przegorzaly.pl\/index.php?rest_route=%2Fwp%2Fv2%2Ftags&post=1231"}],"curies":[{"name":"wp","href":"https:\/\/api.w.org\/{rel}","templated":true}]}}