{"id":1200,"date":"2023-03-11T16:28:48","date_gmt":"2023-03-11T15:28:48","guid":{"rendered":"https:\/\/przegorzaly.pl\/?p=1200"},"modified":"2023-03-11T16:28:48","modified_gmt":"2023-03-11T15:28:48","slug":"2-niedziela-wielkiego-postu-5-marca-2023r","status":"publish","type":"post","link":"https:\/\/przegorzaly.pl\/?p=1200","title":{"rendered":"2 Niedziela Wielkiego Postu &#8211; 5 marca 2023r."},"content":{"rendered":"<p style=\"text-align: center\"><strong>PARAFIA &nbsp;CHRYSTUSA &nbsp;KR\u00d3LA<\/strong><\/p>\n<p style=\"text-align: center\"><strong>OG\u0141OSZENIA &nbsp;DUSZPASTERSKIE &nbsp;\u2013 &nbsp;II niedziela Wielkiego Postu (5 marca, &nbsp;2023r.)<\/strong><\/p>\n<p>1.Serdecznie dzi\u0119kujemy za wsparcie prac remontowo-renowacyjnych w naszym ko\u015bciele i prosimy o dalsze. Dzisiejsza taca przeznaczona jest na pokrycie koszt\u00f3w remontu ko\u015bcio\u0142a, czyli koszty izolacji \u015bcian, nowych drzwi, szyb zabezpieczaj\u0105cych witra\u017ce i systemu wentylacji. Ofiary mo\u017cna r\u00f3wnie\u017c sk\u0142ada\u0107 w zakrystii lub na konto Parafii: 48 1240 2294 1111 0000 3723 9046. Nr konta jest dost\u0119pny w gablocie oraz na stronie internetowej. Za wszystkich darczy\u0144c\u00f3w i ofiarodawc\u00f3w jest odprawiana Msza \u015bw. ka\u017cdego tygodnia w \u015brod\u0119.<\/p>\n<p>2.Zach\u0119camy do pog\u0142\u0119bionego prze\u017cycia okresu Wielkiego Postu:<\/p>\n<p>&#8211; do udzia\u0142u w nabo\u017ce\u0144stwach drogi krzy\u017cowej (pi\u0105tki, godz. 17:30)<\/p>\n<p>&#8211; do udzia\u0142u w Gorzkich \u017balach (niedziele, godz. 17:15)<\/p>\n<p>&#8211; do skorzystania z sakramentu spowiedzi (podczas ka\u017cdej Mszy \u015bw. w soboty i w niedziele oraz w pierwsze pi\u0105tki miesi\u0105ca).<\/p>\n<p>&#8211; do uczynk\u00f3w mi\u0142osierdzia \u2013 przez ca\u0142y okres wielkiego Postu zbieramy paczki na Ukrain\u0119, w ko\u015bciele jest r\u00f3wnie\u017c skarbonka na biednych.<\/p>\n<p>W tym roku w naszej parafii odb\u0119d\u0105 si\u0119 Rekolekcje Wielkanocne, kt\u00f3re rozpoczn\u0105 si\u0119 w drug\u0105 Niedziel\u0119 Wielkanocn\u0105 \u2013 chcemy w radosnym duchu uwielbieniowym odkrywa\u0107 obecno\u015b\u0107 Jezusa Zmartwychwsta\u0142ego w naszym \u017cyciu.<\/p>\n<p>3.Ojciec Proboszcz zaprasza osoby ch\u0119tne do wsp\u00f3\u0142pracy w ramach Parafialnej Grupy Charytatywnej. Mo\u017cna si\u0119 zg\u0142osi\u0107 osobi\u015bcie, telefonicznie (573 259&nbsp;245), e-mailowo (<a href=\"mailto:przegorzaly@jezuici.pl\">przegorzaly@jezuici.pl<\/a>).<\/p>\n<p>4.W zakrystii mo\u017cna naby\u0107 baranki wielkanocne, rozprowadzane przez Caritas Archidiecezji Krakowskiej. Ojciec Czes\u0142aw Tomaszewski przys\u0142a\u0142 nam nowy Jezuicki Informator&nbsp; Misyjny \u2013 Misyjnym&nbsp; Szlakiem \u2013 Dzia\u0142alno\u015b\u0107&nbsp; Misyjna Jezuit\u00f3w Polski Po\u0142udniowej.<\/p>\n<p>5.Og\u0142oszenie&nbsp; z s\u0105siedniej parafii: w ko\u015bciele parafialnym na Woli Justowskiej powsta\u0142 projekt tablicy upami\u0119tniaj\u0105cej dzia\u0142alno\u015b\u0107 \u017co\u0142nierzy AK z terenu okalaj\u0105cego Las Wolski. Zapraszamy wszystkie rodziny \u017co\u0142nierzy i osoby posiadaj\u0105ce informacje na ich temat, na potkanie, kt\u00f3re odb\u0119dzie si\u0119 12 marca, o godzinie 16:00 w siedzibie K\u00f3\u0142ka Rolniczego Wola Justowska, przy ul. Kr\u00f3lowej&nbsp; Jadwigi 248. W spotkaniu b\u0119dzie uczestniczy\u0142 pan Piotr Szmigielski, autor publikacji o dzia\u0142alno\u015bci Armii Krajowej w Krakowie. W przypadku niemo\u017cno\u015bci przybycia prosimy o kontakt telefoniczny z panem Piotrem Chechelskim tel. 667 048 414.<\/p>\n","protected":false},"excerpt":{"rendered":"<p>PARAFIA &nbsp;CHRYSTUSA &nbsp;KR\u00d3LA OG\u0141OSZENIA &nbsp;DUSZPASTERSKIE &nbsp;\u2013 &nbsp;II niedziela Wielkiego Postu (5 marca, &nbsp;2023r.) 1.Serdecznie dzi\u0119kujemy za wsparcie prac remontowo-renowacyjnych w naszym ko\u015bciele i prosimy o dalsze. Dzisiejsza taca przeznaczona jest na pokrycie koszt\u00f3w remontu ko\u015bcio\u0142a, czyli koszty izolacji \u015bcian, nowych drzwi, szyb zabezpieczaj\u0105cych witra\u017ce i systemu wentylacji. Ofiary mo\u017cna r\u00f3wnie\u017c sk\u0142ada\u0107 w zakrystii lub na [&hellip;]<\/p>\n","protected":false},"author":207,"featured_media":0,"comment_status":"closed","ping_status":"closed","sticky":false,"template":"","format":"standard","meta":{"_et_pb_use_builder":"","_et_pb_old_content":"","_et_gb_content_width":"","ngg_post_thumbnail":0,"footnotes":""},"categories":[6],"tags":[],"class_list":["post-1200","post","type-post","status-publish","format-standard","hentry","category-ogloszenia-parafialne"],"_links":{"self":[{"href":"https:\/\/przegorzaly.pl\/index.php?rest_route=\/wp\/v2\/posts\/1200","targetHints":{"allow":["GET"]}}],"collection":[{"href":"https:\/\/przegorzaly.pl\/index.php?rest_route=\/wp\/v2\/posts"}],"about":[{"href":"https:\/\/przegorzaly.pl\/index.php?rest_route=\/wp\/v2\/types\/post"}],"author":[{"embeddable":true,"href":"https:\/\/przegorzaly.pl\/index.php?rest_route=\/wp\/v2\/users\/207"}],"replies":[{"embeddable":true,"href":"https:\/\/przegorzaly.pl\/index.php?rest_route=%2Fwp%2Fv2%2Fcomments&post=1200"}],"version-history":[{"count":1,"href":"https:\/\/przegorzaly.pl\/index.php?rest_route=\/wp\/v2\/posts\/1200\/revisions"}],"predecessor-version":[{"id":1201,"href":"https:\/\/przegorzaly.pl\/index.php?rest_route=\/wp\/v2\/posts\/1200\/revisions\/1201"}],"wp:attachment":[{"href":"https:\/\/przegorzaly.pl\/index.php?rest_route=%2Fwp%2Fv2%2Fmedia&parent=1200"}],"wp:term":[{"taxonomy":"category","embeddable":true,"href":"https:\/\/przegorzaly.pl\/index.php?rest_route=%2Fwp%2Fv2%2Fcategories&post=1200"},{"taxonomy":"post_tag","embeddable":true,"href":"https:\/\/przegorzaly.pl\/index.php?rest_route=%2Fwp%2Fv2%2Ftags&post=1200"}],"curies":[{"name":"wp","href":"https:\/\/api.w.org\/{rel}","templated":true}]}}