{"id":1125,"date":"2022-12-18T09:50:49","date_gmt":"2022-12-18T08:50:49","guid":{"rendered":"https:\/\/przegorzaly.pl\/?p=1125"},"modified":"2022-12-18T09:50:49","modified_gmt":"2022-12-18T08:50:49","slug":"4-niedziela-adwentu-18-grudnia-2022r","status":"publish","type":"post","link":"https:\/\/przegorzaly.pl\/?p=1125","title":{"rendered":"4 Niedziela Adwentu &#8211; 18 grudnia, 2022r."},"content":{"rendered":"<p style=\"text-align: center\"><strong>PARAFIA &nbsp;CHRYSTUSA &nbsp;KR\u00d3LA<\/strong><\/p>\n<p style=\"text-align: center\"><strong>OG\u0141OSZENIA &nbsp;DUSZPASTERSKIE &nbsp;\u2013 &nbsp;4 niedziela Adwentu (18 grudnia, 2022r.)<\/strong><\/p>\n<p>1.Z dniem 17 grudnia rozpoczyna si\u0119 liturgia bezpo\u015bredniego przygotowania do \u015awi\u0105t Bo\u017cego Narodzenia. Pami\u0119tajmy o spowiedzi przed\u015bwi\u0105tecznej oraz o osobach samotnych i ubogich, kt\u00f3rych nie sta\u0107 na przygotowanie \u015bwi\u0105tecznej oprawy Bo\u017cego Narodzenia.<\/p>\n<p>2.Msze \u015bwi\u0119te \u201eRoratnie\u201d &#8211; ku czci Matki Bo\u017cej &#8211; sprawowane s\u0105 od poniedzia\u0142ku do pi\u0105tku o godzinie 18.00, a w soboty o godzinie 7.30. Zach\u0119camy dzieci z lampionami oraz wszystkich Parafian do udzia\u0142u w tej tradycyjnej formie modlitewnego czuwania. W zakrystii mo\u017cna nabywa\u0107 op\u0142atki i \u015bwiece Caritasu.<\/p>\n<p>3.W sobot\u0119 24 grudnia &#8211; Wigilia Narodzenia Pa\u0144skiego, nie&nbsp; b\u0119dzie Mszy \u015bwi\u0119tej&nbsp; o godzinie 18.00. O p\u00f3\u0142nocy zapraszamy na UROCZYST\u0104 PASTERK\u0118. Spowied\u017a we&nbsp; wtorek, w \u015brod\u0119, w czwartek i pi\u0105tek godz. o 7.30 i 17.30, w sobot\u0119 o 7.30. Gor\u0105co zach\u0119camy do chrze\u015bcija\u0144skiego prze\u017cywania wieczoru wigilijnego i \u015awi\u0105t Bo\u017cego Narodzenia oraz do piel\u0119gnowania tradycyjnych zwyczaj\u00f3w wigilijnych: dzielenie si\u0119 op\u0142atkiem, wsp\u00f3lna modlitwa, odczytanie fragmentu Ewangelii, \u015bpiew kol\u0119d.<\/p>\n<p>4.Okres Bo\u017cego Narodzenia to w naszej tradycji r\u00f3wnie\u017c okres wizyt kol\u0119dowych. Celem wizyty kol\u0119dowej jest wsp\u00f3lna modlitwa, b\u0142ogos\u0142awie\u0144stwo domu jak r\u00f3wnie\u017c&nbsp; podzielenie si\u0119 w\u0142asnym spojrzeniem na \u017cycie parafii i na duszpasterstwo. W tym roku chcemy, aby wizyta kol\u0119dowa obejmowa\u0142a r\u00f3wnie\u017c rozmow\u0119 na temat: Jak powinni\u015bmy gromadzi\u0107 si\u0119 wok\u00f3\u0142 Eucharystii i wok\u00f3\u0142 ubogich? Jak prze\u017cywamy Eucharysti\u0119 (co nam pomaga, co nam utrudnia udzia\u0142 w Eucharystii)? Co mo\u017cemy zrobi\u0107 dla ubogich?<\/p>\n<p>W tym roku kol\u0119da b\u0119dzie przebiega\u0142a dwojako: rodziny, kt\u00f3re chc\u0105 przyj\u0105\u0107 kap\u0142ana w swoim domu zg\u0142aszaj\u0105 to do parafii drog\u0105 mailow\u0105 (<a href=\"mailto:przegorzaly@jezuici.pl\">przegorzaly@jezuici.pl<\/a>), drog\u0105 telefoniczn\u0105 (573&nbsp;259 245), b\u0105d\u017a bezpo\u015brednio na karteczce w zakrystii (w ko\u015bciele b\u0119d\u0105 wy\u0142o\u017cone karteczki do wype\u0142niania). Mo\u017cna te\u017c wype\u0142ni\u0107 karteczk\u0119 w imieniu s\u0105siad\u00f3w, kt\u00f3rych akurat nie ma w ko\u015bciele, a chcieliby przyj\u0105\u0107 ksi\u0119dza po kol\u0119dzie. Kol\u0119da w domach b\u0119dzie si\u0119 odbywa\u0107 w dniach 27-30 grudnia. Zg\u0142oszenia prosimy sk\u0142ada\u0107 do dnia 23 grudnia, podaj\u0105c imi\u0119 i nazwisko, adres&nbsp; numer telefonu (w celu dok\u0142adnego ustalenia godziny odwiedzin). Dla rodzin, kt\u00f3re w podanych dniach nie mog\u0105 przyj\u0105\u0107 kap\u0142ana, b\u0119dzie zaproponowany dodatkowy termin w dniach 9 i 10 stycznia 2023r.<\/p>\n<p>Rodziny preferuj\u0105ce spotkanie kol\u0119dowe w ko\u015bciele zapraszamy na Msz\u0119 \u015bw. w intencji parafian ze specjalnym b\u0142ogos\u0142awie\u0144stwem i z kol\u0119dowaniem. Te Msze odb\u0119d\u0105 si\u0119 w dniu 4 oraz 5 stycznia 2023r.&nbsp; o godz. 18:00. &nbsp;<\/p>\n<p>5.Jeste\u015bmy w trakcie remontu naszego ko\u015bcio\u0142a, kt\u00f3ry obejmuje zar\u00f3wno termomodernizacj\u0119 (ocieplenie ca\u0142ego ko\u015bcio\u0142a), urz\u0105dzenia wentylacyjne, jak r\u00f3wnie\u017c odnowienie wn\u0119trza ko\u015bcio\u0142a. Zwracamy si\u0119 z pro\u015bb\u0105 do wszystkich parafian i os\u00f3b odwiedzaj\u0105cych nasz ko\u015bci\u00f3\u0142 o wsparcie tego projektu zar\u00f3wno modlitewnie jak i finansowo. Ofiary na remont ko\u015bcio\u0142a mo\u017cna sk\u0142ada\u0107 bezpo\u015brednio w zakrystii jak r\u00f3wnie\u017c dokonuj\u0105c przelewu na konto Parafii Chrystusa Kr\u00f3la: 48 1240 2294 1111 0000 3723 9046.<\/p>\n<p>Nr konta jest dost\u0119pny w gablocie oraz na stronie internetowej. O szczeg\u00f3\u0142ach prac remontowych, jak r\u00f3wnie\u017c o kosztach tych prac b\u0119dziemy informowa\u0107 na bie\u017c\u0105co. Kancelaria parafialna w razie potrzeby b\u0119dzie wystawia\u0107 urz\u0119dowe po\u015bwiadczenie darowizny na cele kultu religijnego.<\/p>\n<p>6<strong>.<\/strong>W t\u0119 niedziel\u0119 ko\u0144czymy zbi\u00f3rk\u0119 \u015brodk\u00f3w higienicznych&nbsp; dla Hospicjum dla dzieci im. ks. J\u00f3zefa Tischnera mieszcz\u0105cego si\u0119 w Krakowie -D\u0119bnikach. Zbi\u00f3rka jest prowadzona w ramach og\u00f3lnopolskiej akcji fundacji&nbsp; &#8222;Ma\u0142ych st\u00f3pek&#8221; a koordynowana przez Rycerzy Kolumba z Sanktuarium Bo\u017cego Mi\u0142osierdzia w \u0141agiewnikach. Dzi\u0119kujemy wszystkim, kt\u00f3rzy wsparli t\u0119 akcj\u0119.<\/p>\n","protected":false},"excerpt":{"rendered":"<p>PARAFIA &nbsp;CHRYSTUSA &nbsp;KR\u00d3LA OG\u0141OSZENIA &nbsp;DUSZPASTERSKIE &nbsp;\u2013 &nbsp;4 niedziela Adwentu (18 grudnia, 2022r.) 1.Z dniem 17 grudnia rozpoczyna si\u0119 liturgia bezpo\u015bredniego przygotowania do \u015awi\u0105t Bo\u017cego Narodzenia. Pami\u0119tajmy o spowiedzi przed\u015bwi\u0105tecznej oraz o osobach samotnych i ubogich, kt\u00f3rych nie sta\u0107 na przygotowanie \u015bwi\u0105tecznej oprawy Bo\u017cego Narodzenia. 2.Msze \u015bwi\u0119te \u201eRoratnie\u201d &#8211; ku czci Matki Bo\u017cej &#8211; sprawowane s\u0105 [&hellip;]<\/p>\n","protected":false},"author":207,"featured_media":0,"comment_status":"closed","ping_status":"closed","sticky":false,"template":"","format":"standard","meta":{"_et_pb_use_builder":"","_et_pb_old_content":"","_et_gb_content_width":"","ngg_post_thumbnail":0,"footnotes":""},"categories":[6],"tags":[],"class_list":["post-1125","post","type-post","status-publish","format-standard","hentry","category-ogloszenia-parafialne"],"_links":{"self":[{"href":"https:\/\/przegorzaly.pl\/index.php?rest_route=\/wp\/v2\/posts\/1125","targetHints":{"allow":["GET"]}}],"collection":[{"href":"https:\/\/przegorzaly.pl\/index.php?rest_route=\/wp\/v2\/posts"}],"about":[{"href":"https:\/\/przegorzaly.pl\/index.php?rest_route=\/wp\/v2\/types\/post"}],"author":[{"embeddable":true,"href":"https:\/\/przegorzaly.pl\/index.php?rest_route=\/wp\/v2\/users\/207"}],"replies":[{"embeddable":true,"href":"https:\/\/przegorzaly.pl\/index.php?rest_route=%2Fwp%2Fv2%2Fcomments&post=1125"}],"version-history":[{"count":1,"href":"https:\/\/przegorzaly.pl\/index.php?rest_route=\/wp\/v2\/posts\/1125\/revisions"}],"predecessor-version":[{"id":1126,"href":"https:\/\/przegorzaly.pl\/index.php?rest_route=\/wp\/v2\/posts\/1125\/revisions\/1126"}],"wp:attachment":[{"href":"https:\/\/przegorzaly.pl\/index.php?rest_route=%2Fwp%2Fv2%2Fmedia&parent=1125"}],"wp:term":[{"taxonomy":"category","embeddable":true,"href":"https:\/\/przegorzaly.pl\/index.php?rest_route=%2Fwp%2Fv2%2Fcategories&post=1125"},{"taxonomy":"post_tag","embeddable":true,"href":"https:\/\/przegorzaly.pl\/index.php?rest_route=%2Fwp%2Fv2%2Ftags&post=1125"}],"curies":[{"name":"wp","href":"https:\/\/api.w.org\/{rel}","templated":true}]}}