{"id":1085,"date":"2023-11-26T21:11:23","date_gmt":"2023-11-26T20:11:23","guid":{"rendered":"https:\/\/przegorzaly.pl\/?p=1085"},"modified":"2024-03-29T23:18:38","modified_gmt":"2024-03-29T22:18:38","slug":"1085","status":"publish","type":"post","link":"https:\/\/przegorzaly.pl\/?p=1085","title":{"rendered":"Rekolekcje adwentowe (10-12 grudnia 2023)"},"content":{"rendered":"<p style=\"text-align: center\">Zapraszamy do udzia\u0142u w duchowym przygotowaniu si\u0119 do Bo\u017cego Narodzenia.<\/p>\n<p>W naszej parafii rozpoczynamy rekolekcje adwentowe pt.<strong> \u201eKiedy widzieli\u015bmy Ciebie?\u201d<\/strong>. Witamy serdecznie o. Dariusza Pi\u00f3rkowskiego, rekolekcjonist\u0119 i pisarza, jezuit\u0119, kt\u00f3ry pos\u0142ugiwa\u0142 w naszej parafii. W ramach rekolekcji mo\u017cna naby\u0107 ksi\u0105\u017cki o. Dariusza, kt\u00f3re b\u0119d\u0105 wystawione w przedsionku ko\u015bcio\u0142a. Rekolekcje b\u0119d\u0105 si\u0119 odbywa\u0107 przez ca\u0142\u0105 niedziel\u0119 (10 grudnia) na wszystkich Mszach \u015bw. oraz w poniedzia\u0142ek i wtorek na dodatkowej Mszy \u015bw. o godz. 9:00 rano oraz na Mszy \u015bw. o godz. 18:00. Wtorkowa taca b\u0119dzie przeznaczona dla o. Rekolekcjonisty.<\/p>\n","protected":false},"excerpt":{"rendered":"<p>Zapraszamy do udzia\u0142u w duchowym przygotowaniu si\u0119 do Bo\u017cego Narodzenia. W naszej parafii rozpoczynamy rekolekcje adwentowe pt. \u201eKiedy widzieli\u015bmy Ciebie?\u201d. Witamy serdecznie o. Dariusza Pi\u00f3rkowskiego, rekolekcjonist\u0119 i pisarza, jezuit\u0119, kt\u00f3ry pos\u0142ugiwa\u0142 w naszej parafii. W ramach rekolekcji mo\u017cna naby\u0107 ksi\u0105\u017cki o. Dariusza, kt\u00f3re b\u0119d\u0105 wystawione w przedsionku ko\u015bcio\u0142a. Rekolekcje b\u0119d\u0105 si\u0119 odbywa\u0107 przez ca\u0142\u0105 niedziel\u0119 [&hellip;]<\/p>\n","protected":false},"author":207,"featured_media":0,"comment_status":"closed","ping_status":"closed","sticky":false,"template":"","format":"standard","meta":{"_et_pb_use_builder":"","_et_pb_old_content":"","_et_gb_content_width":"","ngg_post_thumbnail":0,"footnotes":""},"categories":[9],"tags":[],"class_list":["post-1085","post","type-post","status-publish","format-standard","hentry","category-rekolekcje-parafia-menu"],"_links":{"self":[{"href":"https:\/\/przegorzaly.pl\/index.php?rest_route=\/wp\/v2\/posts\/1085","targetHints":{"allow":["GET"]}}],"collection":[{"href":"https:\/\/przegorzaly.pl\/index.php?rest_route=\/wp\/v2\/posts"}],"about":[{"href":"https:\/\/przegorzaly.pl\/index.php?rest_route=\/wp\/v2\/types\/post"}],"author":[{"embeddable":true,"href":"https:\/\/przegorzaly.pl\/index.php?rest_route=\/wp\/v2\/users\/207"}],"replies":[{"embeddable":true,"href":"https:\/\/przegorzaly.pl\/index.php?rest_route=%2Fwp%2Fv2%2Fcomments&post=1085"}],"version-history":[{"count":6,"href":"https:\/\/przegorzaly.pl\/index.php?rest_route=\/wp\/v2\/posts\/1085\/revisions"}],"predecessor-version":[{"id":1634,"href":"https:\/\/przegorzaly.pl\/index.php?rest_route=\/wp\/v2\/posts\/1085\/revisions\/1634"}],"wp:attachment":[{"href":"https:\/\/przegorzaly.pl\/index.php?rest_route=%2Fwp%2Fv2%2Fmedia&parent=1085"}],"wp:term":[{"taxonomy":"category","embeddable":true,"href":"https:\/\/przegorzaly.pl\/index.php?rest_route=%2Fwp%2Fv2%2Fcategories&post=1085"},{"taxonomy":"post_tag","embeddable":true,"href":"https:\/\/przegorzaly.pl\/index.php?rest_route=%2Fwp%2Fv2%2Ftags&post=1085"}],"curies":[{"name":"wp","href":"https:\/\/api.w.org\/{rel}","templated":true}]}}